{"id":14462,"date":"2025-04-28T18:35:07","date_gmt":"2025-04-28T21:35:07","guid":{"rendered":"https:\/\/laserenaradio.cl\/web\/?p=14462"},"modified":"2025-04-28T18:35:07","modified_gmt":"2025-04-28T21:35:07","slug":"evelyn-matthei-presenta-su-equipo-de-voceros-de-campana","status":"publish","type":"post","link":"https:\/\/laserenaradio.cl\/web\/2025\/04\/28\/evelyn-matthei-presenta-su-equipo-de-voceros-de-campana\/","title":{"rendered":"Evelyn Matthei presenta su equipo de voceros de campa\u00f1a."},"content":{"rendered":"<p>Evelyn Matthei, candidata presidencial de Chile Vamos, present\u00f3 este lunes el equipo de voceros de campa\u00f1a conformado por alcaldes y parlamentarios. Este equipo estar\u00e1 liderado por Mario Desbordes, alcalde de Santiago; Jaime Bellolio, alcalde de Providencia; Sebasti\u00e1n Sichel, alcalde de \u00d1u\u00f1oa; Felipe Alessandri, alcalde de Lo Barnechea; Carol Bown, alcaldesa de San Miguel; Diego Schalper, diputado de RN; Jorge Alessandri, diputado UDI; Luz Ebensperger, senadora UDI; Francisco Undurraga, diputado Ev\u00f3poli y Francesca Parodi de Ev\u00f3poli.<\/p>\n<p>\u201cL\u00edderes con arraigo y credibilidad\u201d, as\u00ed calific\u00f3 al equipo la candidata. Destac\u00f3 que estos voceros poseen conocimiento \u201cde lo que pasa en sus comunas, distritos y regiones\u201d. Son personas que saben escuchar, que saben trabajar en equipo y que saben actuar con decisi\u00f3n.<\/p>\n<p>En la presentaci\u00f3n, Matthei indic\u00f3 que los voceros \u201ctendr\u00e1n la misi\u00f3n de transmitir nuestras propuestas con claridad, a defender con fuerza nuestras ideas y a conversar con todos los chilenos, en cada rinc\u00f3n del pa\u00eds, sobre el futuro que queremos construir\u201d.<\/p>\n<p>La exalcaldesa de Providencia tambi\u00e9n anunci\u00f3 que en las pr\u00f3ximas semanas se dar\u00e1n a conocer los voceros sectoriales y sociales de la sociedad civil, del mundo acad\u00e9mico, de los gremios y de los territorios. Para Matthei, son personas que \u201chan estudiado, trabajado y propuesto soluciones concretas a las urgencias de Chile\u201d.<\/p>\n<p>Al nombramiento de este equipo se suma la designaci\u00f3n del jefe de campa\u00f1a, Diego Paulsen, exdiputado por Renovaci\u00f3n Nacional. Matthei contin\u00faa dando pasos para competir por llegar a La Moneda.<\/p>\n<p>\u201cEstamos formando un gran equipo de campa\u00f1a\u201d, sostuvo la candidata. Invit\u00f3 a los seguidores y aliados a sumarse con energ\u00eda, alegr\u00eda y esperanza. \u201cVamos a recorrer Chile, a hablar con la gente, a escuchar su dolores y a presentar nuestras propuestas con humildad, pero tambi\u00e9n con la firmeza que exige este momento hist\u00f3rico\u201d, agreg\u00f3.<\/p>\n<p>Matthei asegur\u00f3 que \u201cesta es una campa\u00f1a para construir\u201d y concluy\u00f3 que \u201ccon este equipo y cada persona que cree que Chile merece m\u00e1s, vamos a lograrlo\u201d.<\/p>\n","protected":false},"excerpt":{"rendered":"<p>Evelyn Matthei, candidata presidencial de Chile Vamos, present\u00f3 este lunes el equipo de voceros de campa\u00f1a conformado por alcaldes y parlamentarios. Este equipo estar\u00e1 liderado por Mario Desbordes, alcalde de Santiago; Jaime Bellolio, alcalde de Providencia; Sebasti\u00e1n Sichel, alcalde de \u00d1u\u00f1oa; Felipe Alessandri, alcalde de Lo Barnechea; Carol Bown, alcaldesa de San Miguel; Diego Schalper, [&hellip;]<\/p>\n","protected":false},"author":2,"featured_media":14461,"comment_status":"closed","ping_status":"open","sticky":false,"template":"","format":"standard","meta":{"_jetpack_memberships_contains_paid_content":false,"jnews-multi-image_gallery":[],"jnews_single_post":[],"jnews_primary_category":[],"jnews_social_meta":[],"jnews_paywall_metabox":[],"jnews_review":[],"enable_review":"","type":"","name":"","summary":"","brand":"","sku":"","good":[],"bad":[],"score_override":"","override_value":"","rating":[],"price":[],"jnews_override_counter":[],"jnews_post_split":[],"footnotes":""},"categories":[83],"tags":[],"class_list":["post-14462","post","type-post","status-publish","format-standard","has-post-thumbnail","hentry","category-politica"],"jetpack_featured_media_url":"https:\/\/laserenaradio.cl\/web\/wp-content\/uploads\/2025\/04\/homepiaiextractoscrapimg_webpequipovocerosalcaldecandidata_0.webp","jetpack_sharing_enabled":true,"_links":{"self":[{"href":"https:\/\/laserenaradio.cl\/web\/wp-json\/wp\/v2\/posts\/14462","targetHints":{"allow":["GET"]}}],"collection":[{"href":"https:\/\/laserenaradio.cl\/web\/wp-json\/wp\/v2\/posts"}],"about":[{"href":"https:\/\/laserenaradio.cl\/web\/wp-json\/wp\/v2\/types\/post"}],"author":[{"embeddable":true,"href":"https:\/\/laserenaradio.cl\/web\/wp-json\/wp\/v2\/users\/2"}],"replies":[{"embeddable":true,"href":"https:\/\/laserenaradio.cl\/web\/wp-json\/wp\/v2\/comments?post=14462"}],"version-history":[{"count":1,"href":"https:\/\/laserenaradio.cl\/web\/wp-json\/wp\/v2\/posts\/14462\/revisions"}],"predecessor-version":[{"id":14463,"href":"https:\/\/laserenaradio.cl\/web\/wp-json\/wp\/v2\/posts\/14462\/revisions\/14463"}],"wp:featuredmedia":[{"embeddable":true,"href":"https:\/\/laserenaradio.cl\/web\/wp-json\/wp\/v2\/media\/14461"}],"wp:attachment":[{"href":"https:\/\/laserenaradio.cl\/web\/wp-json\/wp\/v2\/media?parent=14462"}],"wp:term":[{"taxonomy":"category","embeddable":true,"href":"https:\/\/laserenaradio.cl\/web\/wp-json\/wp\/v2\/categories?post=14462"},{"taxonomy":"post_tag","embeddable":true,"href":"https:\/\/laserenaradio.cl\/web\/wp-json\/wp\/v2\/tags?post=14462"}],"curies":[{"name":"wp","href":"https:\/\/api.w.org\/{rel}","templated":true}]}}