{"id":14459,"date":"2025-04-28T15:47:48","date_gmt":"2025-04-28T18:47:48","guid":{"rendered":"https:\/\/laserenaradio.cl\/web\/?p=14459"},"modified":"2025-04-28T15:47:48","modified_gmt":"2025-04-28T18:47:48","slug":"jose-antonio-kast-se-enfoca-en-su-campana-presidencial","status":"publish","type":"post","link":"https:\/\/laserenaradio.cl\/web\/2025\/04\/28\/jose-antonio-kast-se-enfoca-en-su-campana-presidencial\/","title":{"rendered":"Jos\u00e9 Antonio Kast se enfoca en su campa\u00f1a presidencial."},"content":{"rendered":"<p>El candidato presidencial del Partido Republicano, Jos\u00e9 Antonio Kast, se refiri\u00f3 a la decisi\u00f3n anunciada por Paulina Vodanovic, senadora del PS, respecto a su candidatura presidencial. Ante esta situaci\u00f3n, Kast enfatiz\u00f3 que su partido est\u00e1 enfocado en abordar las urgencias sociales actuales de Chile frente a un gobierno que considera p\u00e9simo. <\/p>\n<p>\u201cNosotros estamos enfocados en enfrentar las urgencias sociales que hoy d\u00eda tiene Chile, frente a un p\u00e9simo Gobierno\u201d, afirm\u00f3 Kast. Adem\u00e1s, se\u00f1al\u00f3 que el desorden dentro del propio gabinete oficial no es responsabilidad de su equipo.<\/p>\n<p>Kast a\u00f1adi\u00f3 que \u201cel Gobierno est\u00e1 bastante complicado, porque ve que cada persona que asume una candidatura, que es de su propio sector, trata de distanciarse del propio Gobierno\u201d. <\/p>\n<p>A juicio del candidato republicano, \u201ccreo que es el Gobierno el que tiene un problema hoy d\u00eda y nosotros tenemos un objetivo claro: sacar a Chile del estancamiento\u201d.<\/p>\n<p>En cuanto a la situaci\u00f3n interna del Partido Republicano, Kast sostuvo que su equipo se centra en realizar las cosas de manera responsable y prudente. Ya lograron un preacuerdo para las listas parlamentarias y est\u00e1n enfocados en su plan y programa de Gobierno.<\/p>\n<p>El pr\u00f3ximo mi\u00e9rcoles 30 de abril es el plazo m\u00e1ximo para que los partidos o pactos ratifiquen su decisi\u00f3n sobre sus candidatos. Posteriormente, el 29 de junio se realizar\u00e1n las primarias presidenciales de este a\u00f1o.<\/p>\n","protected":false},"excerpt":{"rendered":"<p>El candidato presidencial del Partido Republicano, Jos\u00e9 Antonio Kast, se refiri\u00f3 a la decisi\u00f3n anunciada por Paulina Vodanovic, senadora del PS, respecto a su candidatura presidencial. Ante esta situaci\u00f3n, Kast enfatiz\u00f3 que su partido est\u00e1 enfocado en abordar las urgencias sociales actuales de Chile frente a un gobierno que considera p\u00e9simo. \u201cNosotros estamos enfocados en [&hellip;]<\/p>\n","protected":false},"author":2,"featured_media":14458,"comment_status":"closed","ping_status":"open","sticky":false,"template":"","format":"standard","meta":{"_jetpack_memberships_contains_paid_content":false,"jnews-multi-image_gallery":[],"jnews_single_post":[],"jnews_primary_category":[],"jnews_social_meta":[],"jnews_paywall_metabox":[],"jnews_review":[],"enable_review":"","type":"","name":"","summary":"","brand":"","sku":"","good":[],"bad":[],"score_override":"","override_value":"","rating":[],"price":[],"jnews_override_counter":[],"jnews_post_split":[],"footnotes":""},"categories":[83],"tags":[],"class_list":["post-14459","post","type-post","status-publish","format-standard","has-post-thumbnail","hentry","category-politica"],"jetpack_featured_media_url":"https:\/\/laserenaradio.cl\/web\/wp-content\/uploads\/2025\/04\/homepiaiextractoscrapimg_webpGobiernoKastpresidencialChile_0.webp","jetpack_sharing_enabled":true,"_links":{"self":[{"href":"https:\/\/laserenaradio.cl\/web\/wp-json\/wp\/v2\/posts\/14459","targetHints":{"allow":["GET"]}}],"collection":[{"href":"https:\/\/laserenaradio.cl\/web\/wp-json\/wp\/v2\/posts"}],"about":[{"href":"https:\/\/laserenaradio.cl\/web\/wp-json\/wp\/v2\/types\/post"}],"author":[{"embeddable":true,"href":"https:\/\/laserenaradio.cl\/web\/wp-json\/wp\/v2\/users\/2"}],"replies":[{"embeddable":true,"href":"https:\/\/laserenaradio.cl\/web\/wp-json\/wp\/v2\/comments?post=14459"}],"version-history":[{"count":1,"href":"https:\/\/laserenaradio.cl\/web\/wp-json\/wp\/v2\/posts\/14459\/revisions"}],"predecessor-version":[{"id":14460,"href":"https:\/\/laserenaradio.cl\/web\/wp-json\/wp\/v2\/posts\/14459\/revisions\/14460"}],"wp:featuredmedia":[{"embeddable":true,"href":"https:\/\/laserenaradio.cl\/web\/wp-json\/wp\/v2\/media\/14458"}],"wp:attachment":[{"href":"https:\/\/laserenaradio.cl\/web\/wp-json\/wp\/v2\/media?parent=14459"}],"wp:term":[{"taxonomy":"category","embeddable":true,"href":"https:\/\/laserenaradio.cl\/web\/wp-json\/wp\/v2\/categories?post=14459"},{"taxonomy":"post_tag","embeddable":true,"href":"https:\/\/laserenaradio.cl\/web\/wp-json\/wp\/v2\/tags?post=14459"}],"curies":[{"name":"wp","href":"https:\/\/api.w.org\/{rel}","templated":true}]}}