{"id":14425,"date":"2025-04-27T13:44:48","date_gmt":"2025-04-27T16:44:48","guid":{"rendered":"https:\/\/laserenaradio.cl\/web\/?p=14425"},"modified":"2025-04-27T13:44:48","modified_gmt":"2025-04-27T16:44:48","slug":"encuesta-pulso-ciudadano-revela-indices-de-preferencia-para-la-eleccion-presidencial-y-aprobacion-de-gabriel-boric","status":"publish","type":"post","link":"https:\/\/laserenaradio.cl\/web\/2025\/04\/27\/encuesta-pulso-ciudadano-revela-indices-de-preferencia-para-la-eleccion-presidencial-y-aprobacion-de-gabriel-boric\/","title":{"rendered":"Encuesta Pulso Ciudadano revela \u00edndices de preferencia para la elecci\u00f3n presidencial y aprobaci\u00f3n de Gabriel Boric."},"content":{"rendered":"<p>Un 24,1% de los chilenos considera que las muertes durante la dictadura eran inevitables seg\u00fan la \u00faltima encuesta Pulso Ciudadano. En contraste, un 64,7% opina que tales cr\u00edmenes pod\u00edan haberse evitado y un 11,2% no tiene claro su punto de vista.<\/p>\n<p>Asimismo, el golpe militar fue visto como evitable por un 45,9% de los encuestados. Mientras tanto, un 26,3% considera que era inevitable y un 27,8% se mantuvo en blanco.<\/p>\n<p>En el \u00e1mbito pol\u00edtico, la candidata de Chile Vamos, Evelyn Matthei, mantiene la liderazgo con una ca\u00edda de 0,9 puntos porcentuales a un 22,8%. Jos\u00e9 Antonio Kast ocupa la segunda posici\u00f3n con un aumento del 2,6% y 14,7%. Carolina Toh\u00e1 es la tercera favorita con un 8%, 1,1 puntos menos que en el sondeo anterior.<\/p>\n<p>Seguidamente se encuentran Johannes Kaiser (7,3%), Michelle Bachelet (6,4%), Gonzalo Winter (4,8%), Jeannette Jara (4%), Franco Parisi (2,4%) y Marco Enr\u00edquez-Ominami (1,6%).<\/p>\n<p>La aprobaci\u00f3n del presidente Gabriel Boric aument\u00f3 4,2 puntos porcentuales, totalizando un 29,5%. Por su parte, la desaprobaci\u00f3n disminuy\u00f3 5,1 puntos porcentuales hasta alcanzar el 57,6%, con un 10% sin determinar su opini\u00f3n.<\/p>\n<p>La encuesta, realizada entre el 23 y 25 de abril a trav\u00e9s de 1.026 entrevistas en 134 comunas del pa\u00eds, fue elaborada por Activa.<\/p>\n","protected":false},"excerpt":{"rendered":"<p>Un 24,1% de los chilenos considera que las muertes durante la dictadura eran inevitables seg\u00fan la \u00faltima encuesta Pulso Ciudadano. En contraste, un 64,7% opina que tales cr\u00edmenes pod\u00edan haberse evitado y un 11,2% no tiene claro su punto de vista. Asimismo, el golpe militar fue visto como evitable por un 45,9% de los encuestados. [&hellip;]<\/p>\n","protected":false},"author":2,"featured_media":14424,"comment_status":"closed","ping_status":"open","sticky":false,"template":"","format":"standard","meta":{"_jetpack_memberships_contains_paid_content":false,"jnews-multi-image_gallery":[],"jnews_single_post":[],"jnews_primary_category":[],"jnews_social_meta":[],"jnews_paywall_metabox":[],"jnews_review":[],"enable_review":"","type":"","name":"","summary":"","brand":"","sku":"","good":[],"bad":[],"score_override":"","override_value":"","rating":[],"price":[],"jnews_override_counter":[],"jnews_post_split":[],"footnotes":""},"categories":[83],"tags":[],"class_list":["post-14425","post","type-post","status-publish","format-standard","has-post-thumbnail","hentry","category-politica"],"jetpack_featured_media_url":"https:\/\/laserenaradio.cl\/web\/wp-content\/uploads\/2025\/04\/homepiaiextractoscrapimg_webpPulsoCiudadano_1.webp","jetpack_sharing_enabled":true,"_links":{"self":[{"href":"https:\/\/laserenaradio.cl\/web\/wp-json\/wp\/v2\/posts\/14425","targetHints":{"allow":["GET"]}}],"collection":[{"href":"https:\/\/laserenaradio.cl\/web\/wp-json\/wp\/v2\/posts"}],"about":[{"href":"https:\/\/laserenaradio.cl\/web\/wp-json\/wp\/v2\/types\/post"}],"author":[{"embeddable":true,"href":"https:\/\/laserenaradio.cl\/web\/wp-json\/wp\/v2\/users\/2"}],"replies":[{"embeddable":true,"href":"https:\/\/laserenaradio.cl\/web\/wp-json\/wp\/v2\/comments?post=14425"}],"version-history":[{"count":1,"href":"https:\/\/laserenaradio.cl\/web\/wp-json\/wp\/v2\/posts\/14425\/revisions"}],"predecessor-version":[{"id":14426,"href":"https:\/\/laserenaradio.cl\/web\/wp-json\/wp\/v2\/posts\/14425\/revisions\/14426"}],"wp:featuredmedia":[{"embeddable":true,"href":"https:\/\/laserenaradio.cl\/web\/wp-json\/wp\/v2\/media\/14424"}],"wp:attachment":[{"href":"https:\/\/laserenaradio.cl\/web\/wp-json\/wp\/v2\/media?parent=14425"}],"wp:term":[{"taxonomy":"category","embeddable":true,"href":"https:\/\/laserenaradio.cl\/web\/wp-json\/wp\/v2\/categories?post=14425"},{"taxonomy":"post_tag","embeddable":true,"href":"https:\/\/laserenaradio.cl\/web\/wp-json\/wp\/v2\/tags?post=14425"}],"curies":[{"name":"wp","href":"https:\/\/api.w.org\/{rel}","templated":true}]}}