{"id":14401,"date":"2025-04-27T11:15:19","date_gmt":"2025-04-27T14:15:19","guid":{"rendered":"https:\/\/laserenaradio.cl\/web\/?p=14401"},"modified":"2025-04-27T11:15:19","modified_gmt":"2025-04-27T14:15:19","slug":"carolina-toha-lidera-carrera-presidencial","status":"publish","type":"post","link":"https:\/\/laserenaradio.cl\/web\/2025\/04\/27\/carolina-toha-lidera-carrera-presidencial\/","title":{"rendered":"Carolina Toh\u00e1 lidera carrera presidencial"},"content":{"rendered":"<p>Carolina Toh\u00e1 lidera la carrera presidencial para las elecciones de noviembre seg\u00fan la encuesta La Cosa Nostra dirigida por Alberto Mayol. Con un 39% de preferencias, ha ganado dos puntos porcentuales desde marzo. En segundo lugar se sit\u00faa Evelyn Matthei con el 23%, seguida de Johannes Kaiser del Partido Nacional Libertario con un 21%. <\/p>\n<p>Ambos candidatos experimentaron ca\u00eddas en la intenci\u00f3n de voto: Matthei perdi\u00f3 dos puntos, mientras que Kaiser descendi\u00f3 tres respecto al mes anterior. Jos\u00e9 Antonio Kast, del Partido Republicano, subi\u00f3 dos puntos y se sit\u00faa con el 10% de los votos.<\/p>\n<p>Toh\u00e1 sigue siendo la candidata m\u00e1s fuerte en una eventual primera vuelta, pero para asegurar su presencia en esa instancia, debe ganar la primaria oficialista. La encuesta sugiere que Toh\u00e1 tiene un 47% de apoyo, frente al 20% del Frente Amplio y el 19% de Jeannette Jara del Partido Comunista. Paulina Vodanovic, Marco Enr\u00edquez-Ominami y Alberto Undurraga obtienen menores porcentajes pero no han confirmado su participaci\u00f3n.<\/p>\n<p>En los escenarios de segunda vuelta, Toh\u00e1 perder\u00eda ante Evelyn Matthei (45% v\/s 54%), pero ganar\u00eda sobre Johannes Kaiser (52% v\/s 48%). Gonzalo Winter y Jeannette Jara tambi\u00e9n quedar\u00edan eliminados en esta ronda.<\/p>\n<p>La encuesta, realizada entre el 14 y 23 de abril con 600 entrevistas a personas de diversas zonas del pa\u00eds, destaca que Carolina Toh\u00e1 es la \u00fanica candidatura oficialista con alguna posibilidad de ganar en segunda vuelta.<\/p>\n","protected":false},"excerpt":{"rendered":"<p>Carolina Toh\u00e1 lidera la carrera presidencial para las elecciones de noviembre seg\u00fan la encuesta La Cosa Nostra dirigida por Alberto Mayol. Con un 39% de preferencias, ha ganado dos puntos porcentuales desde marzo. En segundo lugar se sit\u00faa Evelyn Matthei con el 23%, seguida de Johannes Kaiser del Partido Nacional Libertario con un 21%. Ambos [&hellip;]<\/p>\n","protected":false},"author":2,"featured_media":14400,"comment_status":"closed","ping_status":"open","sticky":false,"template":"","format":"standard","meta":{"_jetpack_memberships_contains_paid_content":false,"jnews-multi-image_gallery":[],"jnews_single_post":[],"jnews_primary_category":[],"jnews_social_meta":[],"jnews_paywall_metabox":[],"jnews_review":[],"enable_review":"","type":"","name":"","summary":"","brand":"","sku":"","good":[],"bad":[],"score_override":"","override_value":"","rating":[],"price":[],"jnews_override_counter":[],"jnews_post_split":[],"footnotes":""},"categories":[83],"tags":[],"class_list":["post-14401","post","type-post","status-publish","format-standard","has-post-thumbnail","hentry","category-politica"],"jetpack_featured_media_url":"https:\/\/laserenaradio.cl\/web\/wp-content\/uploads\/2025\/04\/homepiaiextractoscrapimg_predeterminadalaserenaradio_politica-6.webp","jetpack_sharing_enabled":true,"_links":{"self":[{"href":"https:\/\/laserenaradio.cl\/web\/wp-json\/wp\/v2\/posts\/14401","targetHints":{"allow":["GET"]}}],"collection":[{"href":"https:\/\/laserenaradio.cl\/web\/wp-json\/wp\/v2\/posts"}],"about":[{"href":"https:\/\/laserenaradio.cl\/web\/wp-json\/wp\/v2\/types\/post"}],"author":[{"embeddable":true,"href":"https:\/\/laserenaradio.cl\/web\/wp-json\/wp\/v2\/users\/2"}],"replies":[{"embeddable":true,"href":"https:\/\/laserenaradio.cl\/web\/wp-json\/wp\/v2\/comments?post=14401"}],"version-history":[{"count":1,"href":"https:\/\/laserenaradio.cl\/web\/wp-json\/wp\/v2\/posts\/14401\/revisions"}],"predecessor-version":[{"id":14402,"href":"https:\/\/laserenaradio.cl\/web\/wp-json\/wp\/v2\/posts\/14401\/revisions\/14402"}],"wp:featuredmedia":[{"embeddable":true,"href":"https:\/\/laserenaradio.cl\/web\/wp-json\/wp\/v2\/media\/14400"}],"wp:attachment":[{"href":"https:\/\/laserenaradio.cl\/web\/wp-json\/wp\/v2\/media?parent=14401"}],"wp:term":[{"taxonomy":"category","embeddable":true,"href":"https:\/\/laserenaradio.cl\/web\/wp-json\/wp\/v2\/categories?post=14401"},{"taxonomy":"post_tag","embeddable":true,"href":"https:\/\/laserenaradio.cl\/web\/wp-json\/wp\/v2\/tags?post=14401"}],"curies":[{"name":"wp","href":"https:\/\/api.w.org\/{rel}","templated":true}]}}