{"id":14374,"date":"2025-04-26T12:12:48","date_gmt":"2025-04-26T15:12:48","guid":{"rendered":"https:\/\/laserenaradio.cl\/web\/?p=14374"},"modified":"2025-04-26T12:12:48","modified_gmt":"2025-04-26T15:12:48","slug":"miguel-crispi-investigado-por-trafico-de-influencias","status":"publish","type":"post","link":"https:\/\/laserenaradio.cl\/web\/2025\/04\/26\/miguel-crispi-investigado-por-trafico-de-influencias\/","title":{"rendered":"Miguel Crispi, investigado por tr\u00e1fico de influencias."},"content":{"rendered":"<p>El abogado Guillermo Chahu\u00e1n, representante de Miguel Crispi, confirm\u00f3 que su cliente fue interceptado telef\u00f3nicamente en Antofagasta bajo autorizaci\u00f3n judicial. Las grabaciones incluyeron una conversaci\u00f3n entre Crispi y su madre, Claudia Serrano (PS), el 7 de enero de 2025, sobre la fallida adquisici\u00f3n de la residencia del expresidente Salvador Allende. Este incidente llev\u00f3 a la indagatoria contra Isabel Allende.<\/p>\n<p>Chahu\u00e1n explic\u00f3 que el di\u00e1logo fue &#8220;informal y coloquial&#8221;, sin acusaciones formales en su contra. El abogado resalt\u00f3 que Crispi no advirti\u00f3 irregularidades al monitorear el avance del proceso familiar. La <a href=\"https:\/\/www.fiscaliadechile.cl\/\">Fiscal\u00eda<\/a> Regional de Coquimbo inici\u00f3 una nueva investigaci\u00f3n por tr\u00e1fico de influencias, basada en las grabaciones.<\/p>\n<p>Seg\u00fan el informe policial N\u00b014 de la <a href=\"https:\/\/www.pdichile.cl\/\">PDI<\/a>, Crispi mencion\u00f3 gestiones para acelerar la transacci\u00f3n entre Isabel Allende y su abogado. El audio se consider\u00f3 &#8220;hallazgo casual relevante&#8221; y fue remitido al fiscal Eduardo Y\u00e1\u00f1ez.<\/p>\n<p>El documento del informe N\u00b014 de la Brigada Anticorrupci\u00f3n (BRIAC) detalla que las grabaciones implican posibles delitos, espec\u00edficamente tr\u00e1fico de influencias. Crispi declar\u00f3 minimizando los hechos, argumentando que fueron expresiones en un contexto pol\u00edtico.<\/p>\n<p>El fiscal Eduardo Y\u00e1\u00f1ez decidi\u00f3 iniciar una investigaci\u00f3n separada el 8 de enero de 2025, citando gestiones para comprar la casa del expresidente Salvador Allende. Raimundo Palamara, abogado de Fundaci\u00f3n Fuerza Ciudadana, present\u00f3 una querella por &#8220;fraude al Fisco&#8221; esa misma ma\u00f1ana.<\/p>\n<p>El fiscal nacional \u00c1ngel Valencia design\u00f3 a Cooper para liderar la indagatoria, basado en su conocimiento previo del caso.<\/p>\n","protected":false},"excerpt":{"rendered":"<p>El abogado Guillermo Chahu\u00e1n, representante de Miguel Crispi, confirm\u00f3 que su cliente fue interceptado telef\u00f3nicamente en Antofagasta bajo autorizaci\u00f3n judicial. Las grabaciones incluyeron una conversaci\u00f3n entre Crispi y su madre, Claudia Serrano (PS), el 7 de enero de 2025, sobre la fallida adquisici\u00f3n de la residencia del expresidente Salvador Allende. Este incidente llev\u00f3 a la [&hellip;]<\/p>\n","protected":false},"author":2,"featured_media":14373,"comment_status":"closed","ping_status":"open","sticky":false,"template":"","format":"standard","meta":{"_jetpack_memberships_contains_paid_content":false,"jnews-multi-image_gallery":[],"jnews_single_post":[],"jnews_primary_category":[],"jnews_social_meta":[],"jnews_paywall_metabox":[],"jnews_review":[],"enable_review":"","type":"","name":"","summary":"","brand":"","sku":"","good":[],"bad":[],"score_override":"","override_value":"","rating":[],"price":[],"jnews_override_counter":[],"jnews_post_split":[],"footnotes":""},"categories":[83],"tags":[],"class_list":["post-14374","post","type-post","status-publish","format-standard","has-post-thumbnail","hentry","category-politica"],"jetpack_featured_media_url":"https:\/\/laserenaradio.cl\/web\/wp-content\/uploads\/2025\/04\/homepiaiextractoscrapimg_predeterminadalaserenaradio_politica-5.webp","jetpack_sharing_enabled":true,"_links":{"self":[{"href":"https:\/\/laserenaradio.cl\/web\/wp-json\/wp\/v2\/posts\/14374","targetHints":{"allow":["GET"]}}],"collection":[{"href":"https:\/\/laserenaradio.cl\/web\/wp-json\/wp\/v2\/posts"}],"about":[{"href":"https:\/\/laserenaradio.cl\/web\/wp-json\/wp\/v2\/types\/post"}],"author":[{"embeddable":true,"href":"https:\/\/laserenaradio.cl\/web\/wp-json\/wp\/v2\/users\/2"}],"replies":[{"embeddable":true,"href":"https:\/\/laserenaradio.cl\/web\/wp-json\/wp\/v2\/comments?post=14374"}],"version-history":[{"count":1,"href":"https:\/\/laserenaradio.cl\/web\/wp-json\/wp\/v2\/posts\/14374\/revisions"}],"predecessor-version":[{"id":14375,"href":"https:\/\/laserenaradio.cl\/web\/wp-json\/wp\/v2\/posts\/14374\/revisions\/14375"}],"wp:featuredmedia":[{"embeddable":true,"href":"https:\/\/laserenaradio.cl\/web\/wp-json\/wp\/v2\/media\/14373"}],"wp:attachment":[{"href":"https:\/\/laserenaradio.cl\/web\/wp-json\/wp\/v2\/media?parent=14374"}],"wp:term":[{"taxonomy":"category","embeddable":true,"href":"https:\/\/laserenaradio.cl\/web\/wp-json\/wp\/v2\/categories?post=14374"},{"taxonomy":"post_tag","embeddable":true,"href":"https:\/\/laserenaradio.cl\/web\/wp-json\/wp\/v2\/tags?post=14374"}],"curies":[{"name":"wp","href":"https:\/\/api.w.org\/{rel}","templated":true}]}}