{"id":14368,"date":"2025-04-26T12:03:48","date_gmt":"2025-04-26T15:03:48","guid":{"rendered":"https:\/\/laserenaradio.cl\/web\/?p=14368"},"modified":"2025-04-26T12:03:48","modified_gmt":"2025-04-26T15:03:48","slug":"partido-republicano-organiza-union-de-jovenes-para-respaldar-a-jose-antonio-kast","status":"publish","type":"post","link":"https:\/\/laserenaradio.cl\/web\/2025\/04\/26\/partido-republicano-organiza-union-de-jovenes-para-respaldar-a-jose-antonio-kast\/","title":{"rendered":"Partido Republicano organiza uni\u00f3n de j\u00f3venes para respaldar a Jos\u00e9 Antonio Kast."},"content":{"rendered":"<p>Este s\u00e1bado, a eso de las 11:30 de la ma\u00f1ana, el Partido Republicano organizar\u00e1 una nueva jornada de &#8220;J\u00f3venes x Kast&#8221;. Esta iniciativa, liderada por el concejal de Santiago Vicente Mart\u00ednez, contar\u00e1 con la participaci\u00f3n de m\u00e1s de 300 j\u00f3venes que respaldar\u00e1n al presidenciable Jos\u00e9 Antonio Kast. Espec\u00edficamente, este segundo encuentro entre el candidato y su militancia juvenil busca entregar una declaraci\u00f3n sobre los compromisos de la candidatura hacia los desaf\u00edos nacionales de los j\u00f3venes.<\/p>\n<p>&#8220;Kast ha demostrado un excelente rendimiento en los j\u00f3venes, entre 18 y 30 a\u00f1os&#8221;, indicaron fuentes del partido a La Radio. Por ello, el Partido Republicano se apoya en esta base para incorporar a la juventud en su campa\u00f1a, buscando ser un factor de movilizaci\u00f3n electoral.<\/p>\n<p>Adem\u00e1s de contar con el discurso de Kast, la jornada incluir\u00e1 intervenciones del l\u00edder republicano Arturo Squella; Tom\u00e1s Bengolea, su vicepresidente; Juan Ignacio Palma, miembro de Ideas Republicanas; y Sebasti\u00e1n Zamora, ex carabinero absuelto en el caso P\u00edo Nono. Este \u00faltimo ser\u00e1 clave para los pilares del proyecto de seguridad propuesto por Kast.<\/p>\n","protected":false},"excerpt":{"rendered":"<p>Este s\u00e1bado, a eso de las 11:30 de la ma\u00f1ana, el Partido Republicano organizar\u00e1 una nueva jornada de &#8220;J\u00f3venes x Kast&#8221;. Esta iniciativa, liderada por el concejal de Santiago Vicente Mart\u00ednez, contar\u00e1 con la participaci\u00f3n de m\u00e1s de 300 j\u00f3venes que respaldar\u00e1n al presidenciable Jos\u00e9 Antonio Kast. Espec\u00edficamente, este segundo encuentro entre el candidato y [&hellip;]<\/p>\n","protected":false},"author":2,"featured_media":14367,"comment_status":"closed","ping_status":"open","sticky":false,"template":"","format":"standard","meta":{"_jetpack_memberships_contains_paid_content":false,"jnews-multi-image_gallery":[],"jnews_single_post":[],"jnews_primary_category":[],"jnews_social_meta":[],"jnews_paywall_metabox":[],"jnews_review":[],"enable_review":"","type":"","name":"","summary":"","brand":"","sku":"","good":[],"bad":[],"score_override":"","override_value":"","rating":[],"price":[],"jnews_override_counter":[],"jnews_post_split":[],"footnotes":""},"categories":[83],"tags":[],"class_list":["post-14368","post","type-post","status-publish","format-standard","has-post-thumbnail","hentry","category-politica"],"jetpack_featured_media_url":"https:\/\/laserenaradio.cl\/web\/wp-content\/uploads\/2025\/04\/homepiaiextractoscrapimg_webpKastPartidoRepublicanojornadaAntonioKast_0.webp","jetpack_sharing_enabled":true,"_links":{"self":[{"href":"https:\/\/laserenaradio.cl\/web\/wp-json\/wp\/v2\/posts\/14368","targetHints":{"allow":["GET"]}}],"collection":[{"href":"https:\/\/laserenaradio.cl\/web\/wp-json\/wp\/v2\/posts"}],"about":[{"href":"https:\/\/laserenaradio.cl\/web\/wp-json\/wp\/v2\/types\/post"}],"author":[{"embeddable":true,"href":"https:\/\/laserenaradio.cl\/web\/wp-json\/wp\/v2\/users\/2"}],"replies":[{"embeddable":true,"href":"https:\/\/laserenaradio.cl\/web\/wp-json\/wp\/v2\/comments?post=14368"}],"version-history":[{"count":1,"href":"https:\/\/laserenaradio.cl\/web\/wp-json\/wp\/v2\/posts\/14368\/revisions"}],"predecessor-version":[{"id":14369,"href":"https:\/\/laserenaradio.cl\/web\/wp-json\/wp\/v2\/posts\/14368\/revisions\/14369"}],"wp:featuredmedia":[{"embeddable":true,"href":"https:\/\/laserenaradio.cl\/web\/wp-json\/wp\/v2\/media\/14367"}],"wp:attachment":[{"href":"https:\/\/laserenaradio.cl\/web\/wp-json\/wp\/v2\/media?parent=14368"}],"wp:term":[{"taxonomy":"category","embeddable":true,"href":"https:\/\/laserenaradio.cl\/web\/wp-json\/wp\/v2\/categories?post=14368"},{"taxonomy":"post_tag","embeddable":true,"href":"https:\/\/laserenaradio.cl\/web\/wp-json\/wp\/v2\/tags?post=14368"}],"curies":[{"name":"wp","href":"https:\/\/api.w.org\/{rel}","templated":true}]}}