{"id":14362,"date":"2025-04-26T11:50:37","date_gmt":"2025-04-26T14:50:37","guid":{"rendered":"https:\/\/laserenaradio.cl\/web\/?p=14362"},"modified":"2025-04-26T11:50:37","modified_gmt":"2025-04-26T14:50:37","slug":"reunion-trump-zelenski-en-roma","status":"publish","type":"post","link":"https:\/\/laserenaradio.cl\/web\/2025\/04\/26\/reunion-trump-zelenski-en-roma\/","title":{"rendered":"Reuni\u00f3n Trump-Zelenski en Roma"},"content":{"rendered":"<p>Donald Trump y Volod\u00edmir Zelenski tuvieron una reuni\u00f3n &#8220;muy productiva&#8221; el s\u00e1bado en Roma durante el funeral del papa Francisco. <\/p>\n<p>Un vocero de la oficina de Zelenski indic\u00f3 que los l\u00edderes, que se encontraron brevemente en la Basilia de San Pedro, acordaron celebrar una segunda reuni\u00f3n m\u00e1s tarde ese mismo d\u00eda y que sus equipos estaban trabajando en los preparativos.<\/p>\n<p>Esta reuni\u00f3n en el Vaticano, la primera desde el encuentro tensado en la Casa Blanca en febrero, se produce en un momento crucial para las negociaciones destinadas a poner fin a los combates entre Ucrania y Rusia.<\/p>\n","protected":false},"excerpt":{"rendered":"<p>Donald Trump y Volod\u00edmir Zelenski tuvieron una reuni\u00f3n &#8220;muy productiva&#8221; el s\u00e1bado en Roma durante el funeral del papa Francisco. Un vocero de la oficina de Zelenski indic\u00f3 que los l\u00edderes, que se encontraron brevemente en la Basilia de San Pedro, acordaron celebrar una segunda reuni\u00f3n m\u00e1s tarde ese mismo d\u00eda y que sus equipos [&hellip;]<\/p>\n","protected":false},"author":2,"featured_media":14361,"comment_status":"closed","ping_status":"open","sticky":false,"template":"","format":"standard","meta":{"_jetpack_memberships_contains_paid_content":false,"jnews-multi-image_gallery":[],"jnews_single_post":[],"jnews_primary_category":[],"jnews_social_meta":[],"jnews_paywall_metabox":[],"jnews_review":[],"enable_review":"","type":"","name":"","summary":"","brand":"","sku":"","good":[],"bad":[],"score_override":"","override_value":"","rating":[],"price":[],"jnews_override_counter":[],"jnews_post_split":[],"footnotes":""},"categories":[83],"tags":[],"class_list":["post-14362","post","type-post","status-publish","format-standard","has-post-thumbnail","hentry","category-politica"],"jetpack_featured_media_url":"https:\/\/laserenaradio.cl\/web\/wp-content\/uploads\/2025\/04\/homepiaiextractoscrapimg_webpZelenskiRomaDonaldTrumptuvieron_0.webp","jetpack_sharing_enabled":true,"_links":{"self":[{"href":"https:\/\/laserenaradio.cl\/web\/wp-json\/wp\/v2\/posts\/14362","targetHints":{"allow":["GET"]}}],"collection":[{"href":"https:\/\/laserenaradio.cl\/web\/wp-json\/wp\/v2\/posts"}],"about":[{"href":"https:\/\/laserenaradio.cl\/web\/wp-json\/wp\/v2\/types\/post"}],"author":[{"embeddable":true,"href":"https:\/\/laserenaradio.cl\/web\/wp-json\/wp\/v2\/users\/2"}],"replies":[{"embeddable":true,"href":"https:\/\/laserenaradio.cl\/web\/wp-json\/wp\/v2\/comments?post=14362"}],"version-history":[{"count":1,"href":"https:\/\/laserenaradio.cl\/web\/wp-json\/wp\/v2\/posts\/14362\/revisions"}],"predecessor-version":[{"id":14363,"href":"https:\/\/laserenaradio.cl\/web\/wp-json\/wp\/v2\/posts\/14362\/revisions\/14363"}],"wp:featuredmedia":[{"embeddable":true,"href":"https:\/\/laserenaradio.cl\/web\/wp-json\/wp\/v2\/media\/14361"}],"wp:attachment":[{"href":"https:\/\/laserenaradio.cl\/web\/wp-json\/wp\/v2\/media?parent=14362"}],"wp:term":[{"taxonomy":"category","embeddable":true,"href":"https:\/\/laserenaradio.cl\/web\/wp-json\/wp\/v2\/categories?post=14362"},{"taxonomy":"post_tag","embeddable":true,"href":"https:\/\/laserenaradio.cl\/web\/wp-json\/wp\/v2\/tags?post=14362"}],"curies":[{"name":"wp","href":"https:\/\/api.w.org\/{rel}","templated":true}]}}