{"id":14356,"date":"2025-04-25T11:54:04","date_gmt":"2025-04-25T14:54:04","guid":{"rendered":"https:\/\/laserenaradio.cl\/web\/?p=14356"},"modified":"2025-04-25T11:54:04","modified_gmt":"2025-04-25T14:54:04","slug":"diputados-de-rn-solicitan-sumario-administrativo-contra-la-secretaria-de-comunicaciones-por-presunta-falta-a-la-probidad","status":"publish","type":"post","link":"https:\/\/laserenaradio.cl\/web\/2025\/04\/25\/diputados-de-rn-solicitan-sumario-administrativo-contra-la-secretaria-de-comunicaciones-por-presunta-falta-a-la-probidad\/","title":{"rendered":"Diputados de RN solicitan sumario administrativo contra la Secretar\u00eda de Comunicaciones por presunta falta a la probidad."},"content":{"rendered":"<p>Diputados de Renovaci\u00f3n Nacional (RN), encabezados por Miguel Mellado y Carla Morales, solicitaron formalmente a la contralora general de la Rep\u00fablica, Dorothy P\u00e9rez, el inicio de un sumario administrativo contra la Secretar\u00eda de Comunicaciones del Gobierno (Secom). Esta acci\u00f3n fue tomada en respuesta a una revelaci\u00f3n que indicaba la distribuci\u00f3n de una minuta a ministros, parlamentarios y dirigentes oficialistas, instruy\u00e9ndolos a utilizar coordinadamente el tema de los Derechos Humanos para desacreditar p\u00fablicamente a Evelyn Matthei, precandidata presidencial de Chile Vamos.<\/p>\n<p>No estamos frente a una simple reacci\u00f3n pol\u00edtica: aqu\u00ed se utiliz\u00f3 infraestructura del Estado, funcionarios pagados con recursos p\u00fablicos y toda la maquinaria comunicacional del Gobierno para intentar sacar dividendos electorales, se\u00f1al\u00f3 Carla Morales. Esto no solo es una infracci\u00f3n a la prescindencia, es derechamente un uso ileg\u00edtimo del aparato p\u00fablico con fines de campa\u00f1a, fustig\u00f3.<\/p>\n<p>La minuta elaborada por la Secom constituye \u2014seg\u00fan el oficio\u2014 una prueba irrefutable de una \u201cacci\u00f3n coordinada y financiada desde el erario p\u00fablico en contra de una candidatura de oposici\u00f3n\u201d. Desde RN, los parlamentarios advierten que esta conducta vulnera gravemente la Ley N\u00b0 18.575 sobre Bases Generales de la Administraci\u00f3n del Estado y contraviene el dictamen E64479 de 2025 emitido por la propia Contralor\u00eda, el cual recuerda a todos los \u00f3rganos del Estado su deber de prescindencia pol\u00edtica en contextos electorales.<\/p>\n<p>Los parlamentarios RN se\u00f1alan que la minuta \u201cimporta la destinaci\u00f3n ileg\u00edtima de recursos y personal gubernamental para la coordinaci\u00f3n de acciones pol\u00edticas desde una dependencia de la Administraci\u00f3n\u201d. Se utilizan de esta manera recursos p\u00fablicos para perjudicar una candidatura contraria a los postulados pol\u00edticos del gobierno, fortaleciendo y asesorando a candidaturas oficialistas para capitalizar la cr\u00edtica electoralmente.<\/p>\n<p>Este Gobierno no solo ha perdido el rumbo en lo econ\u00f3mico y en seguridad. Ahora pretende instrumentalizar los Derechos Humanos y el aparato estatal para acallar a la oposici\u00f3n. Lo que han hecho con esta minuta es inaceptable en cualquier democracia seria, afirm\u00f3 el diputado Miguel Mellado.<\/p>\n<p>Asimismo, se pide expresamente a la contralora investigar los hechos, requerir los antecedentes a la Secretar\u00eda de Comunicaciones y al <a href=\"http:\/\/www.msgg.gob.cl\/\">Ministerio Secretar\u00eda General de Gobierno<\/a>, y establecer las responsabilidades administrativas correspondientes, incluso a nivel ministerial. Chile merece elecciones limpias, no campa\u00f1as orquestadas desde La Moneda, concluy\u00f3 el diputado Mellado.<\/p>\n","protected":false},"excerpt":{"rendered":"<p>Diputados de Renovaci\u00f3n Nacional (RN), encabezados por Miguel Mellado y Carla Morales, solicitaron formalmente a la contralora general de la Rep\u00fablica, Dorothy P\u00e9rez, el inicio de un sumario administrativo contra la Secretar\u00eda de Comunicaciones del Gobierno (Secom). Esta acci\u00f3n fue tomada en respuesta a una revelaci\u00f3n que indicaba la distribuci\u00f3n de una minuta a ministros, [&hellip;]<\/p>\n","protected":false},"author":2,"featured_media":14355,"comment_status":"closed","ping_status":"open","sticky":false,"template":"","format":"standard","meta":{"_jetpack_memberships_contains_paid_content":false,"jnews-multi-image_gallery":[],"jnews_single_post":[],"jnews_primary_category":[],"jnews_social_meta":[],"jnews_paywall_metabox":[],"jnews_review":[],"enable_review":"","type":"","name":"","summary":"","brand":"","sku":"","good":[],"bad":[],"score_override":"","override_value":"","rating":[],"price":[],"jnews_override_counter":[],"jnews_post_split":[],"footnotes":""},"categories":[83],"tags":[],"class_list":["post-14356","post","type-post","status-publish","format-standard","has-post-thumbnail","hentry","category-politica"],"jetpack_featured_media_url":"https:\/\/laserenaradio.cl\/web\/wp-content\/uploads\/2025\/04\/homepiaiextractoscrapimg_webpDiputadosRN_1.webp","jetpack_sharing_enabled":true,"_links":{"self":[{"href":"https:\/\/laserenaradio.cl\/web\/wp-json\/wp\/v2\/posts\/14356","targetHints":{"allow":["GET"]}}],"collection":[{"href":"https:\/\/laserenaradio.cl\/web\/wp-json\/wp\/v2\/posts"}],"about":[{"href":"https:\/\/laserenaradio.cl\/web\/wp-json\/wp\/v2\/types\/post"}],"author":[{"embeddable":true,"href":"https:\/\/laserenaradio.cl\/web\/wp-json\/wp\/v2\/users\/2"}],"replies":[{"embeddable":true,"href":"https:\/\/laserenaradio.cl\/web\/wp-json\/wp\/v2\/comments?post=14356"}],"version-history":[{"count":1,"href":"https:\/\/laserenaradio.cl\/web\/wp-json\/wp\/v2\/posts\/14356\/revisions"}],"predecessor-version":[{"id":14357,"href":"https:\/\/laserenaradio.cl\/web\/wp-json\/wp\/v2\/posts\/14356\/revisions\/14357"}],"wp:featuredmedia":[{"embeddable":true,"href":"https:\/\/laserenaradio.cl\/web\/wp-json\/wp\/v2\/media\/14355"}],"wp:attachment":[{"href":"https:\/\/laserenaradio.cl\/web\/wp-json\/wp\/v2\/media?parent=14356"}],"wp:term":[{"taxonomy":"category","embeddable":true,"href":"https:\/\/laserenaradio.cl\/web\/wp-json\/wp\/v2\/categories?post=14356"},{"taxonomy":"post_tag","embeddable":true,"href":"https:\/\/laserenaradio.cl\/web\/wp-json\/wp\/v2\/tags?post=14356"}],"curies":[{"name":"wp","href":"https:\/\/api.w.org\/{rel}","templated":true}]}}