{"id":14350,"date":"2025-04-25T09:34:28","date_gmt":"2025-04-25T12:34:28","guid":{"rendered":"https:\/\/laserenaradio.cl\/web\/?p=14350"},"modified":"2025-04-25T09:34:28","modified_gmt":"2025-04-25T12:34:28","slug":"el-senador-jaime-quintana-defiende-sus-declaraciones-sobre-gaza","status":"publish","type":"post","link":"https:\/\/laserenaradio.cl\/web\/2025\/04\/25\/el-senador-jaime-quintana-defiende-sus-declaraciones-sobre-gaza\/","title":{"rendered":"El senador Jaime Quintana defiende sus declaraciones sobre Gaza."},"content":{"rendered":"<p>Los dichos del senador Jaime Quintana (PPD) en un programa radial sobre Gaza est\u00e1n generando controversia. En una intervenci\u00f3n en \u201cEl Primer Caf\u00e9\u201d de Cooperativa, el senador declar\u00f3: \u201cChile lamentablemente ha sido parte en propagar el antisemitismo, y a veces las expresiones del gobierno han ido en esa l\u00ednea\u201d. <\/p>\n<p>El senador tambi\u00e9n afirm\u00f3 que \u201chay hechos terroristas\u201d en el conflicto y que los palestinos usaban como \u201cescudo humano\u201d a sus propios hijos. Estas declaraciones causaron pol\u00e9mica y hasta el PPD tuvo que indicar que se trataba de opiniones expresadas \u201ca t\u00edtulo personal\u201d.<\/p>\n<p>Tras la repercusi\u00f3n, Jaime Quintana explic\u00f3 en sus redes sociales: \u201cMe refer\u00ed al conflicto en Gaza como una \u2018masacre\u2019 y a la reacci\u00f3n de Israel frente a los ataques terroristas de Ham\u00e1s como \u2018brutal\u2019 y \u2018desproporcionada&#8217;\u201d. <\/p>\n<p>Adem\u00e1s, asegur\u00f3 que cuando afirm\u00f3 que Chile ha sido parte en propagar el antisemitismo, se refer\u00eda espec\u00edficamente a la \u201ccancelaci\u00f3n a \u00faltimo minuto de la recepci\u00f3n de cartas credenciales al Embajador Artzyeli en 2022 (mucho antes que la guerra en Gaza)\u201d.<\/p>\n<p>El senador mencion\u00f3 que tiene una diferencia con el tratamiento dado por el presidente Boric y se acerca m\u00e1s a las posturas del Papa Francisco, quien escribi\u00f3: \u201cEl derramamiento de sangre en Palestina\/Israel debe terminar\u201d.<\/p>\n<p>Quintana sostuvo que el conflicto tiene ra\u00edces religiosas y territoriales, pero enfatiz\u00f3 su respeto por las comunidades palestinas y jud\u00edas en Chile. Tambi\u00e9n indic\u00f3 haber sido objeto de amenazas a ra\u00edz de sus declaraciones.<\/p>\n<p>Finalmente, el senador lament\u00f3 los ataques a su opini\u00f3n personal y atribuy\u00f3 estos a la proliferaci\u00f3n de discursos de odio e intolerancia que socavan la democracia, destacando que el antisemitismo es solo uno de esos fen\u00f3menos.<\/p>\n","protected":false},"excerpt":{"rendered":"<p>Los dichos del senador Jaime Quintana (PPD) en un programa radial sobre Gaza est\u00e1n generando controversia. En una intervenci\u00f3n en \u201cEl Primer Caf\u00e9\u201d de Cooperativa, el senador declar\u00f3: \u201cChile lamentablemente ha sido parte en propagar el antisemitismo, y a veces las expresiones del gobierno han ido en esa l\u00ednea\u201d. El senador tambi\u00e9n afirm\u00f3 que \u201chay [&hellip;]<\/p>\n","protected":false},"author":2,"featured_media":14349,"comment_status":"closed","ping_status":"open","sticky":false,"template":"","format":"standard","meta":{"_jetpack_memberships_contains_paid_content":false,"jnews-multi-image_gallery":[],"jnews_single_post":[],"jnews_primary_category":[],"jnews_social_meta":[],"jnews_paywall_metabox":[],"jnews_review":[],"enable_review":"","type":"","name":"","summary":"","brand":"","sku":"","good":[],"bad":[],"score_override":"","override_value":"","rating":[],"price":[],"jnews_override_counter":[],"jnews_post_split":[],"footnotes":""},"categories":[83],"tags":[],"class_list":["post-14350","post","type-post","status-publish","format-standard","has-post-thumbnail","hentry","category-politica"],"jetpack_featured_media_url":"https:\/\/laserenaradio.cl\/web\/wp-content\/uploads\/2025\/04\/homepiaiextractoscrapimg_webpsenadorGazaJaimeQuintanaChile_0.webp","jetpack_sharing_enabled":true,"_links":{"self":[{"href":"https:\/\/laserenaradio.cl\/web\/wp-json\/wp\/v2\/posts\/14350","targetHints":{"allow":["GET"]}}],"collection":[{"href":"https:\/\/laserenaradio.cl\/web\/wp-json\/wp\/v2\/posts"}],"about":[{"href":"https:\/\/laserenaradio.cl\/web\/wp-json\/wp\/v2\/types\/post"}],"author":[{"embeddable":true,"href":"https:\/\/laserenaradio.cl\/web\/wp-json\/wp\/v2\/users\/2"}],"replies":[{"embeddable":true,"href":"https:\/\/laserenaradio.cl\/web\/wp-json\/wp\/v2\/comments?post=14350"}],"version-history":[{"count":1,"href":"https:\/\/laserenaradio.cl\/web\/wp-json\/wp\/v2\/posts\/14350\/revisions"}],"predecessor-version":[{"id":14351,"href":"https:\/\/laserenaradio.cl\/web\/wp-json\/wp\/v2\/posts\/14350\/revisions\/14351"}],"wp:featuredmedia":[{"embeddable":true,"href":"https:\/\/laserenaradio.cl\/web\/wp-json\/wp\/v2\/media\/14349"}],"wp:attachment":[{"href":"https:\/\/laserenaradio.cl\/web\/wp-json\/wp\/v2\/media?parent=14350"}],"wp:term":[{"taxonomy":"category","embeddable":true,"href":"https:\/\/laserenaradio.cl\/web\/wp-json\/wp\/v2\/categories?post=14350"},{"taxonomy":"post_tag","embeddable":true,"href":"https:\/\/laserenaradio.cl\/web\/wp-json\/wp\/v2\/tags?post=14350"}],"curies":[{"name":"wp","href":"https:\/\/api.w.org\/{rel}","templated":true}]}}