{"id":14308,"date":"2025-04-24T15:33:24","date_gmt":"2025-04-24T18:33:24","guid":{"rendered":"https:\/\/laserenaradio.cl\/web\/?p=14308"},"modified":"2025-04-24T15:33:24","modified_gmt":"2025-04-24T18:33:24","slug":"el-psc-descarta-candidatura-presidencial-de-rojo-edwards","status":"publish","type":"post","link":"https:\/\/laserenaradio.cl\/web\/2025\/04\/24\/el-psc-descarta-candidatura-presidencial-de-rojo-edwards\/","title":{"rendered":"El PSC descarta candidatura presidencial de Rojo Edwards."},"content":{"rendered":"<p>En el marco de la carrera presidencial, la mesa de trabajo nacional del Partido Social Cristiano (PSC) descart\u00f3 que el senador Rojo Edwards sea su candidato para competir en las elecciones. <\/p>\n<p>Que en consideraci\u00f3n de un primer encuentro y primer paso para avanzar al nombramiento de un candidato presidencial se somete a votaci\u00f3n, sin la disposici\u00f3n de todos los parlamentarios del conglomerado, se escoge al Senador Rojo Edwards.<\/p>\n<p>Sin embargo, en un segundo paso y encuentro, a la espera de la proclamaci\u00f3n, se cit\u00f3 a una segunda convocatoria. En ella, se plantearon los lineamientos al posible candidato, &#8220;los cuales \u00e9l se\u00f1ala no aceptar&#8221;.<\/p>\n<p>En vista de lo anterior, la Mesa de Trabajo considera que se necesita reevaluar la candidatura presidencial en busca de un candidato que est\u00e9 a disposici\u00f3n del proyecto pol\u00edtico.<\/p>\n<p>Por lo que, en consideraci\u00f3n de todo lo antes planteado, es que la Mesa de Trabajo Nacional en votaci\u00f3n y con la presencia de la Directiva Nacional, ha decidido revocar el acuerdo inicial y descartar la nominaci\u00f3n presidencial del Senador Rojo Edwards.<\/p>\n<p>Pese a esto, indicaron que la colectividad de oposici\u00f3n contin\u00faa en el preacuerdo parlamentario con el Partido Republicano y el Partido Nacional Libertario, donde Jos\u00e9 Antonio Kast y Johannes Kaiser son sus figuras presidenciales.<\/p>\n<p>El Partido Social Cristiano sigue abierto a la posibilidad de tener un candidato presidencial a primera vuelta, ha manifestado tambi\u00e9n su disponibilidad la Diputada Francesca Mu\u00f1oz y tambi\u00e9n sigue abierta la posibilidad a otros nombres, aceptando las condiciones del partido.<\/p>\n","protected":false},"excerpt":{"rendered":"<p>En el marco de la carrera presidencial, la mesa de trabajo nacional del Partido Social Cristiano (PSC) descart\u00f3 que el senador Rojo Edwards sea su candidato para competir en las elecciones. Que en consideraci\u00f3n de un primer encuentro y primer paso para avanzar al nombramiento de un candidato presidencial se somete a votaci\u00f3n, sin la [&hellip;]<\/p>\n","protected":false},"author":2,"featured_media":14307,"comment_status":"closed","ping_status":"open","sticky":false,"template":"","format":"standard","meta":{"_jetpack_memberships_contains_paid_content":false,"jnews-multi-image_gallery":[],"jnews_single_post":[],"jnews_primary_category":[],"jnews_social_meta":[],"jnews_paywall_metabox":[],"jnews_review":[],"enable_review":"","type":"","name":"","summary":"","brand":"","sku":"","good":[],"bad":[],"score_override":"","override_value":"","rating":[],"price":[],"jnews_override_counter":[],"jnews_post_split":[],"footnotes":""},"categories":[83],"tags":[],"class_list":["post-14308","post","type-post","status-publish","format-standard","has-post-thumbnail","hentry","category-politica"],"jetpack_featured_media_url":"https:\/\/laserenaradio.cl\/web\/wp-content\/uploads\/2025\/04\/homepiaiextractoscrapimg_webppresidencialcandidatoRojoEdwardsprimer_0.webp","jetpack_sharing_enabled":true,"_links":{"self":[{"href":"https:\/\/laserenaradio.cl\/web\/wp-json\/wp\/v2\/posts\/14308","targetHints":{"allow":["GET"]}}],"collection":[{"href":"https:\/\/laserenaradio.cl\/web\/wp-json\/wp\/v2\/posts"}],"about":[{"href":"https:\/\/laserenaradio.cl\/web\/wp-json\/wp\/v2\/types\/post"}],"author":[{"embeddable":true,"href":"https:\/\/laserenaradio.cl\/web\/wp-json\/wp\/v2\/users\/2"}],"replies":[{"embeddable":true,"href":"https:\/\/laserenaradio.cl\/web\/wp-json\/wp\/v2\/comments?post=14308"}],"version-history":[{"count":1,"href":"https:\/\/laserenaradio.cl\/web\/wp-json\/wp\/v2\/posts\/14308\/revisions"}],"predecessor-version":[{"id":14309,"href":"https:\/\/laserenaradio.cl\/web\/wp-json\/wp\/v2\/posts\/14308\/revisions\/14309"}],"wp:featuredmedia":[{"embeddable":true,"href":"https:\/\/laserenaradio.cl\/web\/wp-json\/wp\/v2\/media\/14307"}],"wp:attachment":[{"href":"https:\/\/laserenaradio.cl\/web\/wp-json\/wp\/v2\/media?parent=14308"}],"wp:term":[{"taxonomy":"category","embeddable":true,"href":"https:\/\/laserenaradio.cl\/web\/wp-json\/wp\/v2\/categories?post=14308"},{"taxonomy":"post_tag","embeddable":true,"href":"https:\/\/laserenaradio.cl\/web\/wp-json\/wp\/v2\/tags?post=14308"}],"curies":[{"name":"wp","href":"https:\/\/api.w.org\/{rel}","templated":true}]}}