{"id":14305,"date":"2025-04-24T15:31:48","date_gmt":"2025-04-24T18:31:48","guid":{"rendered":"https:\/\/laserenaradio.cl\/web\/?p=14305"},"modified":"2025-04-24T15:31:48","modified_gmt":"2025-04-24T18:31:48","slug":"parlamentarios-de-udi-denuncian-a-gobierno-ante-la-contraloria-por-ataques-a-evelyn-matthei","status":"publish","type":"post","link":"https:\/\/laserenaradio.cl\/web\/2025\/04\/24\/parlamentarios-de-udi-denuncian-a-gobierno-ante-la-contraloria-por-ataques-a-evelyn-matthei\/","title":{"rendered":"Parlamentarios de UDI denuncian a gobierno ante la Contralor\u00eda por ataques a Evelyn Matthei."},"content":{"rendered":"<p>El presidente de la UDI, Guillermo Ram\u00edrez, junto al secretario general, Juan Antonio Coloma, y el jefe de bancada, Henry Leal, denunciaron una \u201coperaci\u00f3n orquestada\u201d a la Contralor\u00eda General de la Rep\u00fablica en respuesta a los ataques constantes de varios ministros del Gobierno contra la candidata presidencial de Chile Vamos, Evelyn Matthei.<\/p>\n<p>Ram\u00edrez, Coloma y Leal acusaron una posible \u201cconcertaci\u00f3n\u201d por parte del Ejecutivo, notando que durante las \u00faltimas dos semanas seis ministros salieron a responder a la exalcaldesa por sus declaraciones o propuestas. Al igual que en la semana anterior, cuando el presidente Gabriel Boric public\u00f3 un video sobre Matthei, los diputados solicitar\u00e1n a la Contralor\u00eda iniciar una investigaci\u00f3n no solo al gobierno interior sino tambi\u00e9n contra los ministros Jaime Gajardo (Justicia), J\u00e9ssica L\u00f3pez (MOP), Ais\u00e9n Etcheverry (vocera subrogante), \u00c1lvaro Elizalde (Interior), Luis Cordero (Seguridad P\u00fablica) y Mario Marcel (Hacienda).<\/p>\n<p>Estos ministros han enfrentado p\u00fablicamente a la candidata de oposici\u00f3n, lo que los dirigentes consideran imprudente e irresponsable. \u201cLa actual administraci\u00f3n, con tantas necesidades por resolver en el pa\u00eds, est\u00e1 dedicando tiempo valioso atacando a una candidata mejor posicionada en las encuestas,\u201d dijeron los dirigentes gremialistas.<\/p>\n<p>Adem\u00e1s de las intervenciones sobre infraestructura carcelaria y el acuerdo entre Codelco y SQM, los ministros Elizalde, Cordero y Etcheverry tambi\u00e9n respondieron a sus comentarios sobre el golpe de Estado de 1973. Tambi\u00e9n se mencion\u00f3 el uso de las redes sociales del Presidente Boric tras publicar un video de Matthei en horario laboral.<\/p>\n<p>En este contexto, Ram\u00edrez, Coloma y Leal recordaron que la Contralor\u00eda emiti\u00f3 un instructivo prohibiendo la utilizaci\u00f3n del cargo para favorecer o perjudicar candidaturas pol\u00edticas. \u201cEs evidente que existe una concertaci\u00f3n interna en el gobierno para atacar sistem\u00e1ticamente a Evelyn Matthei, tratando de debilitar su candidatura,\u201d argumentaron los gremialistas, considerando que este tipo de actuaci\u00f3n requiere investigaci\u00f3n por la Contralor\u00eda.<\/p>\n","protected":false},"excerpt":{"rendered":"<p>El presidente de la UDI, Guillermo Ram\u00edrez, junto al secretario general, Juan Antonio Coloma, y el jefe de bancada, Henry Leal, denunciaron una \u201coperaci\u00f3n orquestada\u201d a la Contralor\u00eda General de la Rep\u00fablica en respuesta a los ataques constantes de varios ministros del Gobierno contra la candidata presidencial de Chile Vamos, Evelyn Matthei. Ram\u00edrez, Coloma y [&hellip;]<\/p>\n","protected":false},"author":2,"featured_media":14304,"comment_status":"closed","ping_status":"open","sticky":false,"template":"","format":"standard","meta":{"_jetpack_memberships_contains_paid_content":false,"jnews-multi-image_gallery":[],"jnews_single_post":[],"jnews_primary_category":[],"jnews_social_meta":[],"jnews_paywall_metabox":[],"jnews_review":[],"enable_review":"","type":"","name":"","summary":"","brand":"","sku":"","good":[],"bad":[],"score_override":"","override_value":"","rating":[],"price":[],"jnews_override_counter":[],"jnews_post_split":[],"footnotes":""},"categories":[83],"tags":[],"class_list":["post-14305","post","type-post","status-publish","format-standard","has-post-thumbnail","hentry","category-politica"],"jetpack_featured_media_url":"https:\/\/laserenaradio.cl\/web\/wp-content\/uploads\/2025\/04\/homepiaiextractoscrapimg_webpministroscandidataEvelynMattheisobre_1.webp","jetpack_sharing_enabled":true,"_links":{"self":[{"href":"https:\/\/laserenaradio.cl\/web\/wp-json\/wp\/v2\/posts\/14305","targetHints":{"allow":["GET"]}}],"collection":[{"href":"https:\/\/laserenaradio.cl\/web\/wp-json\/wp\/v2\/posts"}],"about":[{"href":"https:\/\/laserenaradio.cl\/web\/wp-json\/wp\/v2\/types\/post"}],"author":[{"embeddable":true,"href":"https:\/\/laserenaradio.cl\/web\/wp-json\/wp\/v2\/users\/2"}],"replies":[{"embeddable":true,"href":"https:\/\/laserenaradio.cl\/web\/wp-json\/wp\/v2\/comments?post=14305"}],"version-history":[{"count":1,"href":"https:\/\/laserenaradio.cl\/web\/wp-json\/wp\/v2\/posts\/14305\/revisions"}],"predecessor-version":[{"id":14306,"href":"https:\/\/laserenaradio.cl\/web\/wp-json\/wp\/v2\/posts\/14305\/revisions\/14306"}],"wp:featuredmedia":[{"embeddable":true,"href":"https:\/\/laserenaradio.cl\/web\/wp-json\/wp\/v2\/media\/14304"}],"wp:attachment":[{"href":"https:\/\/laserenaradio.cl\/web\/wp-json\/wp\/v2\/media?parent=14305"}],"wp:term":[{"taxonomy":"category","embeddable":true,"href":"https:\/\/laserenaradio.cl\/web\/wp-json\/wp\/v2\/categories?post=14305"},{"taxonomy":"post_tag","embeddable":true,"href":"https:\/\/laserenaradio.cl\/web\/wp-json\/wp\/v2\/tags?post=14305"}],"curies":[{"name":"wp","href":"https:\/\/api.w.org\/{rel}","templated":true}]}}