{"id":14302,"date":"2025-04-24T13:50:09","date_gmt":"2025-04-24T16:50:09","guid":{"rendered":"https:\/\/laserenaradio.cl\/web\/?p=14302"},"modified":"2025-04-24T13:50:09","modified_gmt":"2025-04-24T16:50:09","slug":"gonzalo-winter-defiende-el-uso-de-la-corbata-como-estilo-presidencial","status":"publish","type":"post","link":"https:\/\/laserenaradio.cl\/web\/2025\/04\/24\/gonzalo-winter-defiende-el-uso-de-la-corbata-como-estilo-presidencial\/","title":{"rendered":"Gonzalo Winter defiende el uso de la corbata como estilo presidencial."},"content":{"rendered":"<p>Gonzalo Winter, diputado y precandidato presidencial del Frente Amplio, defendi\u00f3 el uso de la corbata en una conversaci\u00f3n con radio Rock &amp; Pop. Este accesorio se distingue en su estilo formal frente al Presidente Gabriel Boric, quien prefiere un look m\u00e1s informal.<\/p>\n<p>Al abordar su forma de vestir, Winter se\u00f1al\u00f3 que nunca ha sido exageradamente favorable ni contrario a la corbata. &#8220;Al Congreso asisto con corbata en ocasiones especiales, como en cuentas p\u00fablicas&#8221;, explic\u00f3. &#8220;Otros militantes del Frente Amplio tienen una postura distinta&#8221;.<\/p>\n<p>La corbata para Winter simboliza un compromiso y una disposici\u00f3n a ser quien Chile necesita. &#8220;Yo no voy a ser el Presidente que quiero, sino el que Chile necesita&#8221;, afirm\u00f3. <\/p>\n<p>Respecto a su apariencia, Winter a\u00f1adi\u00f3: &#8220;El Presidente debe verse impecable. Boric se ve impecable sin corbata, yo me veo m\u00e1s impecable us\u00e1ndola&#8221;.<\/p>\n","protected":false},"excerpt":{"rendered":"<p>Gonzalo Winter, diputado y precandidato presidencial del Frente Amplio, defendi\u00f3 el uso de la corbata en una conversaci\u00f3n con radio Rock &amp; Pop. Este accesorio se distingue en su estilo formal frente al Presidente Gabriel Boric, quien prefiere un look m\u00e1s informal. Al abordar su forma de vestir, Winter se\u00f1al\u00f3 que nunca ha sido exageradamente [&hellip;]<\/p>\n","protected":false},"author":2,"featured_media":14301,"comment_status":"closed","ping_status":"open","sticky":false,"template":"","format":"standard","meta":{"_jetpack_memberships_contains_paid_content":false,"jnews-multi-image_gallery":[],"jnews_single_post":[],"jnews_primary_category":[],"jnews_social_meta":[],"jnews_paywall_metabox":[],"jnews_review":[],"enable_review":"","type":"","name":"","summary":"","brand":"","sku":"","good":[],"bad":[],"score_override":"","override_value":"","rating":[],"price":[],"jnews_override_counter":[],"jnews_post_split":[],"footnotes":""},"categories":[83],"tags":[],"class_list":["post-14302","post","type-post","status-publish","format-standard","has-post-thumbnail","hentry","category-politica"],"jetpack_featured_media_url":"https:\/\/laserenaradio.cl\/web\/wp-content\/uploads\/2025\/04\/homepiaiextractoscrapimg_webpcorbataWinterimpecableGonzaloWinter_1.webp","jetpack_sharing_enabled":true,"_links":{"self":[{"href":"https:\/\/laserenaradio.cl\/web\/wp-json\/wp\/v2\/posts\/14302","targetHints":{"allow":["GET"]}}],"collection":[{"href":"https:\/\/laserenaradio.cl\/web\/wp-json\/wp\/v2\/posts"}],"about":[{"href":"https:\/\/laserenaradio.cl\/web\/wp-json\/wp\/v2\/types\/post"}],"author":[{"embeddable":true,"href":"https:\/\/laserenaradio.cl\/web\/wp-json\/wp\/v2\/users\/2"}],"replies":[{"embeddable":true,"href":"https:\/\/laserenaradio.cl\/web\/wp-json\/wp\/v2\/comments?post=14302"}],"version-history":[{"count":1,"href":"https:\/\/laserenaradio.cl\/web\/wp-json\/wp\/v2\/posts\/14302\/revisions"}],"predecessor-version":[{"id":14303,"href":"https:\/\/laserenaradio.cl\/web\/wp-json\/wp\/v2\/posts\/14302\/revisions\/14303"}],"wp:featuredmedia":[{"embeddable":true,"href":"https:\/\/laserenaradio.cl\/web\/wp-json\/wp\/v2\/media\/14301"}],"wp:attachment":[{"href":"https:\/\/laserenaradio.cl\/web\/wp-json\/wp\/v2\/media?parent=14302"}],"wp:term":[{"taxonomy":"category","embeddable":true,"href":"https:\/\/laserenaradio.cl\/web\/wp-json\/wp\/v2\/categories?post=14302"},{"taxonomy":"post_tag","embeddable":true,"href":"https:\/\/laserenaradio.cl\/web\/wp-json\/wp\/v2\/tags?post=14302"}],"curies":[{"name":"wp","href":"https:\/\/api.w.org\/{rel}","templated":true}]}}