{"id":14293,"date":"2025-04-24T11:42:24","date_gmt":"2025-04-24T14:42:24","guid":{"rendered":"https:\/\/laserenaradio.cl\/web\/?p=14293"},"modified":"2025-04-24T11:42:24","modified_gmt":"2025-04-24T14:42:24","slug":"gonzalo-winter-rechaza-farra-economica-y-apunta-a-equilibrio-fiscal","status":"publish","type":"post","link":"https:\/\/laserenaradio.cl\/web\/2025\/04\/24\/gonzalo-winter-rechaza-farra-economica-y-apunta-a-equilibrio-fiscal\/","title":{"rendered":"Gonzalo Winter rechaza &#8220;farra&#8221; econ\u00f3mica y apunta a equilibrio fiscal."},"content":{"rendered":"<p>El diputado y precandidato presidencial del Frente Amplio, Gonzalo Winter, abord\u00f3 las cr\u00edticas econ\u00f3micas al actual Gobierno. En una conversaci\u00f3n con T13 Radio, Winter se\u00f1al\u00f3 que no est\u00e1 de acuerdo con la acusaci\u00f3n de farra econ\u00f3mica en el gobierno. &#8220;Este Gobierno, igual que otros en la \u00e9poca post-covid, enfrenta situaciones inflacionarias y complejas&#8221;, argument\u00f3.<\/p>\n<p>Sobre el recorte fiscal anunciado para el \u00faltimo a\u00f1o del Gobierno, Winter explic\u00f3 que incluye acciones correctivas por 1.990 millones de d\u00f3lares, de los cuales US$870 millones depender\u00edan de medidas legislativas. Al respecto, afirm\u00f3 que el ministro Marcel entiende que cuentan con mayor\u00eda en el Congreso para implementar estas medidas.<\/p>\n<p>En cuanto a su eventual gobierno, Winter expres\u00f3 estar &#8220;de acuerdo con la regla fiscal&#8221;, aunque dej\u00f3 abierta la discusi\u00f3n sobre c\u00f3mo y cu\u00e1ndo hacerlo. &#8220;Presentaremos nuestras propuestas cuando sean pertinentes o que lo haga mi ministro de Hacienda con las cuentas claras del momento&#8221;, a\u00f1adi\u00f3.<\/p>\n<p>Finalmente, Winter se refiri\u00f3 a la pol\u00e9mica reciente sobre la Direcci\u00f3n de Presupuestos, dirigida por Javiera Mart\u00ednez. En relaci\u00f3n al error en el Informe de Finanzas P\u00fablicas (IFP) presentado a parlamentarios, Winter expres\u00f3 su confianza en dicha direcci\u00f3n y cuestion\u00f3 posibles intentos de generar esc\u00e1ndalos o pol\u00e9micas ficticias por parte de la oposici\u00f3n.<\/p>\n","protected":false},"excerpt":{"rendered":"<p>El diputado y precandidato presidencial del Frente Amplio, Gonzalo Winter, abord\u00f3 las cr\u00edticas econ\u00f3micas al actual Gobierno. En una conversaci\u00f3n con T13 Radio, Winter se\u00f1al\u00f3 que no est\u00e1 de acuerdo con la acusaci\u00f3n de farra econ\u00f3mica en el gobierno. &#8220;Este Gobierno, igual que otros en la \u00e9poca post-covid, enfrenta situaciones inflacionarias y complejas&#8221;, argument\u00f3. Sobre [&hellip;]<\/p>\n","protected":false},"author":2,"featured_media":14292,"comment_status":"closed","ping_status":"open","sticky":false,"template":"","format":"standard","meta":{"_jetpack_memberships_contains_paid_content":false,"jnews-multi-image_gallery":[],"jnews_single_post":[],"jnews_primary_category":[],"jnews_social_meta":[],"jnews_paywall_metabox":[],"jnews_review":[],"enable_review":"","type":"","name":"","summary":"","brand":"","sku":"","good":[],"bad":[],"score_override":"","override_value":"","rating":[],"price":[],"jnews_override_counter":[],"jnews_post_split":[],"footnotes":""},"categories":[83],"tags":[],"class_list":["post-14293","post","type-post","status-publish","format-standard","has-post-thumbnail","hentry","category-politica"],"jetpack_featured_media_url":"https:\/\/laserenaradio.cl\/web\/wp-content\/uploads\/2025\/04\/homepiaiextractoscrapimg_webpGonzaloWinter_0.webp","jetpack_sharing_enabled":true,"_links":{"self":[{"href":"https:\/\/laserenaradio.cl\/web\/wp-json\/wp\/v2\/posts\/14293","targetHints":{"allow":["GET"]}}],"collection":[{"href":"https:\/\/laserenaradio.cl\/web\/wp-json\/wp\/v2\/posts"}],"about":[{"href":"https:\/\/laserenaradio.cl\/web\/wp-json\/wp\/v2\/types\/post"}],"author":[{"embeddable":true,"href":"https:\/\/laserenaradio.cl\/web\/wp-json\/wp\/v2\/users\/2"}],"replies":[{"embeddable":true,"href":"https:\/\/laserenaradio.cl\/web\/wp-json\/wp\/v2\/comments?post=14293"}],"version-history":[{"count":1,"href":"https:\/\/laserenaradio.cl\/web\/wp-json\/wp\/v2\/posts\/14293\/revisions"}],"predecessor-version":[{"id":14294,"href":"https:\/\/laserenaradio.cl\/web\/wp-json\/wp\/v2\/posts\/14293\/revisions\/14294"}],"wp:featuredmedia":[{"embeddable":true,"href":"https:\/\/laserenaradio.cl\/web\/wp-json\/wp\/v2\/media\/14292"}],"wp:attachment":[{"href":"https:\/\/laserenaradio.cl\/web\/wp-json\/wp\/v2\/media?parent=14293"}],"wp:term":[{"taxonomy":"category","embeddable":true,"href":"https:\/\/laserenaradio.cl\/web\/wp-json\/wp\/v2\/categories?post=14293"},{"taxonomy":"post_tag","embeddable":true,"href":"https:\/\/laserenaradio.cl\/web\/wp-json\/wp\/v2\/tags?post=14293"}],"curies":[{"name":"wp","href":"https:\/\/api.w.org\/{rel}","templated":true}]}}