{"id":14290,"date":"2025-04-24T11:11:37","date_gmt":"2025-04-24T14:11:37","guid":{"rendered":"https:\/\/laserenaradio.cl\/web\/?p=14290"},"modified":"2025-04-24T11:11:37","modified_gmt":"2025-04-24T14:11:37","slug":"el-joven-legislador-diego-paulsen-el-hombre-detras-de-la-nueva-presidencia-de-la-camara-de-diputados","status":"publish","type":"post","link":"https:\/\/laserenaradio.cl\/web\/2025\/04\/24\/el-joven-legislador-diego-paulsen-el-hombre-detras-de-la-nueva-presidencia-de-la-camara-de-diputados\/","title":{"rendered":"El joven legislador Diego Paulsen: El hombre detr\u00e1s de la nueva presidencia de la C\u00e1mara de Diputados."},"content":{"rendered":"<p>Diego Paulsen, abogado y pol\u00edtico chileno, ha sido elegido por Renovaci\u00f3n Nacional para liderar la Corporaci\u00f3n en el Congreso. Nacido en Galvarino, comuna de La Araucan\u00eda, Paulsen estudi\u00f3 en Greenhouse School de Temuco y posteriormente en la Universidad Adolfo Ib\u00e1\u00f1ez, formando parte del equipo legislativo de Renovaci\u00f3n Nacional desde 2010 hasta 2014. Durante este tiempo, construy\u00f3 una s\u00f3lida relaci\u00f3n con Ren\u00e9 Manuel Garc\u00eda, quien tambi\u00e9n representa a La Araucan\u00eda.<\/p>\n<p>Conocido por su seriedad y profundo conocimiento del Congreso, Paulsen es respetado en el parlamento. Aunque mantiene buenas relaciones con todos los sectores, sus v\u00ednculos m\u00e1s estrechos son con los diputados de su regi\u00f3n. Su amistad con Garc\u00eda se ha fortalecido a trav\u00e9s del tiempo, compartiendo luchas y intereses comunes.<\/p>\n<p>Paulsen es aficionado al deporte, integrando el equipo de f\u00fatbol de la C\u00e1mara, aunque sus actividades recientes han estado restringidas por cuestiones legislativas. En cuanto a su relaci\u00f3n con la oposici\u00f3n, aunque es respetado, no hay un v\u00ednculo profundo.<\/p>\n<p>La elecci\u00f3n de Paulsen como presidente sorprendi\u00f3 a muchos en la oposici\u00f3n y el oficialismo. Su juventud (tiene 32 a\u00f1os) y falta de experiencia pol\u00edtica han generado preocupaciones, especialmente sobre su capacidad para manejar conflictos internos y una agenda prioritaria que no beneficie exclusivamente al gobierno.<\/p>\n<p>El nuevo l\u00edder enfrentar\u00e1 desaf\u00edos administrativos debido a la emergencia sanitaria, lo que complica el alcanzar los qu\u00f3rums necesarios y encontrar acuerdos con diversos sectores. Aunque cuenta con el respaldo de su conglomerado pol\u00edtico, la oposici\u00f3n teme que este apoyo no sea suficiente para garantizar una gesti\u00f3n efectiva en medio de un contexto complejo.<\/p>\n<p>La tarea de Paulsen es crucial para equilibrar los intereses de diferentes partidos y avanzar en iniciativas legislativas importantes. Su \u00e9xito depender\u00e1 de su habilidad para navegar estas aguas turbulentas del Congreso chileno.<\/p>\n","protected":false},"excerpt":{"rendered":"<p>Diego Paulsen, abogado y pol\u00edtico chileno, ha sido elegido por Renovaci\u00f3n Nacional para liderar la Corporaci\u00f3n en el Congreso. Nacido en Galvarino, comuna de La Araucan\u00eda, Paulsen estudi\u00f3 en Greenhouse School de Temuco y posteriormente en la Universidad Adolfo Ib\u00e1\u00f1ez, formando parte del equipo legislativo de Renovaci\u00f3n Nacional desde 2010 hasta 2014. Durante este tiempo, [&hellip;]<\/p>\n","protected":false},"author":2,"featured_media":14289,"comment_status":"closed","ping_status":"open","sticky":false,"template":"","format":"standard","meta":{"_jetpack_memberships_contains_paid_content":false,"jnews-multi-image_gallery":[],"jnews_single_post":[],"jnews_primary_category":[],"jnews_social_meta":[],"jnews_paywall_metabox":[],"jnews_review":[],"enable_review":"","type":"","name":"","summary":"","brand":"","sku":"","good":[],"bad":[],"score_override":"","override_value":"","rating":[],"price":[],"jnews_override_counter":[],"jnews_post_split":[],"footnotes":""},"categories":[83],"tags":[],"class_list":["post-14290","post","type-post","status-publish","format-standard","has-post-thumbnail","hentry","category-politica"],"jetpack_featured_media_url":"https:\/\/laserenaradio.cl\/web\/wp-content\/uploads\/2025\/04\/homepiaiextractoscrapimg_webpPaulsenCongresoDiegoPaulsenchileno_1.webp","jetpack_sharing_enabled":true,"_links":{"self":[{"href":"https:\/\/laserenaradio.cl\/web\/wp-json\/wp\/v2\/posts\/14290","targetHints":{"allow":["GET"]}}],"collection":[{"href":"https:\/\/laserenaradio.cl\/web\/wp-json\/wp\/v2\/posts"}],"about":[{"href":"https:\/\/laserenaradio.cl\/web\/wp-json\/wp\/v2\/types\/post"}],"author":[{"embeddable":true,"href":"https:\/\/laserenaradio.cl\/web\/wp-json\/wp\/v2\/users\/2"}],"replies":[{"embeddable":true,"href":"https:\/\/laserenaradio.cl\/web\/wp-json\/wp\/v2\/comments?post=14290"}],"version-history":[{"count":1,"href":"https:\/\/laserenaradio.cl\/web\/wp-json\/wp\/v2\/posts\/14290\/revisions"}],"predecessor-version":[{"id":14291,"href":"https:\/\/laserenaradio.cl\/web\/wp-json\/wp\/v2\/posts\/14290\/revisions\/14291"}],"wp:featuredmedia":[{"embeddable":true,"href":"https:\/\/laserenaradio.cl\/web\/wp-json\/wp\/v2\/media\/14289"}],"wp:attachment":[{"href":"https:\/\/laserenaradio.cl\/web\/wp-json\/wp\/v2\/media?parent=14290"}],"wp:term":[{"taxonomy":"category","embeddable":true,"href":"https:\/\/laserenaradio.cl\/web\/wp-json\/wp\/v2\/categories?post=14290"},{"taxonomy":"post_tag","embeddable":true,"href":"https:\/\/laserenaradio.cl\/web\/wp-json\/wp\/v2\/tags?post=14290"}],"curies":[{"name":"wp","href":"https:\/\/api.w.org\/{rel}","templated":true}]}}