{"id":14233,"date":"2025-04-23T16:54:59","date_gmt":"2025-04-23T19:54:59","guid":{"rendered":"https:\/\/laserenaradio.cl\/web\/?p=14233"},"modified":"2025-04-23T16:54:59","modified_gmt":"2025-04-23T19:54:59","slug":"jeannette-jara-marca-diferencias-con-carolina-toha-sobre-el-gobierno-actual","status":"publish","type":"post","link":"https:\/\/laserenaradio.cl\/web\/2025\/04\/23\/jeannette-jara-marca-diferencias-con-carolina-toha-sobre-el-gobierno-actual\/","title":{"rendered":"Jeannette Jara marca diferencias con Carolina Toh\u00e1 sobre el Gobierno actual."},"content":{"rendered":"<p>Jeannette Jara del Partido Comunista subray\u00f3 diferencias con Carolina Toh\u00e1, precandidata del PPD, sobre la continuidad del actual Gobierno. Jara afirm\u00f3 que &#8220;no quiero hacer un Gobierno igual a este&#8221;, argumentando que fue producto de necesidad y crisis tras el primer proceso constitucional.<\/p>\n<p>Toh\u00e1, por su parte, respondi\u00f3: &#8220;Uno nunca puede negar lo que ha hecho antes. Si las cosas no salieron bien, no fue por falta de fuerza&#8221;. Adem\u00e1s, reconoci\u00f3 el aporte pero sostuvo que no se desapegar\u00eda de la historia vivida personalmente.<\/p>\n<p>Jara destac\u00f3 avances importantes en su gesti\u00f3n, especialmente con el ministro Marcel y otras autoridades, subrayando mejoras en pol\u00edticas p\u00fablicas para los trabajadores. Sin embargo, indic\u00f3 que hay aspectos a mejorar &#8220;de forma distinta&#8221;, sin desconocer la alianza que formar\u00e1 en las primarias.<\/p>\n<p>En conclusi\u00f3n, Jara enfatiz\u00f3: &#8220;No lo considero correcto, porque yo form\u00e9 parte de este Gobierno hasta hace pocos d\u00edas atr\u00e1s. Quiero hacer cambios hacia adelante, pero no voy a desconocer los cambios que tambi\u00e9n hicimos y mejoraron la calidad de vida de los trabajadores&#8221;.<\/p>\n","protected":false},"excerpt":{"rendered":"<p>Jeannette Jara del Partido Comunista subray\u00f3 diferencias con Carolina Toh\u00e1, precandidata del PPD, sobre la continuidad del actual Gobierno. Jara afirm\u00f3 que &#8220;no quiero hacer un Gobierno igual a este&#8221;, argumentando que fue producto de necesidad y crisis tras el primer proceso constitucional. Toh\u00e1, por su parte, respondi\u00f3: &#8220;Uno nunca puede negar lo que ha [&hellip;]<\/p>\n","protected":false},"author":2,"featured_media":14232,"comment_status":"closed","ping_status":"open","sticky":false,"template":"","format":"standard","meta":{"_jetpack_memberships_contains_paid_content":false,"jnews-multi-image_gallery":[],"jnews_single_post":[],"jnews_primary_category":[],"jnews_social_meta":[],"jnews_paywall_metabox":[],"jnews_review":[],"enable_review":"","type":"","name":"","summary":"","brand":"","sku":"","good":[],"bad":[],"score_override":"","override_value":"","rating":[],"price":[],"jnews_override_counter":[],"jnews_post_split":[],"footnotes":""},"categories":[83],"tags":[],"class_list":["post-14233","post","type-post","status-publish","format-standard","has-post-thumbnail","hentry","category-politica"],"jetpack_featured_media_url":"https:\/\/laserenaradio.cl\/web\/wp-content\/uploads\/2025\/04\/homepiaiextractoscrapimg_webpGobiernoJaraJeannetteJaradiferencias_0.webp","jetpack_sharing_enabled":true,"_links":{"self":[{"href":"https:\/\/laserenaradio.cl\/web\/wp-json\/wp\/v2\/posts\/14233","targetHints":{"allow":["GET"]}}],"collection":[{"href":"https:\/\/laserenaradio.cl\/web\/wp-json\/wp\/v2\/posts"}],"about":[{"href":"https:\/\/laserenaradio.cl\/web\/wp-json\/wp\/v2\/types\/post"}],"author":[{"embeddable":true,"href":"https:\/\/laserenaradio.cl\/web\/wp-json\/wp\/v2\/users\/2"}],"replies":[{"embeddable":true,"href":"https:\/\/laserenaradio.cl\/web\/wp-json\/wp\/v2\/comments?post=14233"}],"version-history":[{"count":1,"href":"https:\/\/laserenaradio.cl\/web\/wp-json\/wp\/v2\/posts\/14233\/revisions"}],"predecessor-version":[{"id":14234,"href":"https:\/\/laserenaradio.cl\/web\/wp-json\/wp\/v2\/posts\/14233\/revisions\/14234"}],"wp:featuredmedia":[{"embeddable":true,"href":"https:\/\/laserenaradio.cl\/web\/wp-json\/wp\/v2\/media\/14232"}],"wp:attachment":[{"href":"https:\/\/laserenaradio.cl\/web\/wp-json\/wp\/v2\/media?parent=14233"}],"wp:term":[{"taxonomy":"category","embeddable":true,"href":"https:\/\/laserenaradio.cl\/web\/wp-json\/wp\/v2\/categories?post=14233"},{"taxonomy":"post_tag","embeddable":true,"href":"https:\/\/laserenaradio.cl\/web\/wp-json\/wp\/v2\/tags?post=14233"}],"curies":[{"name":"wp","href":"https:\/\/api.w.org\/{rel}","templated":true}]}}