{"id":14227,"date":"2025-04-23T16:23:51","date_gmt":"2025-04-23T19:23:51","guid":{"rendered":"https:\/\/laserenaradio.cl\/web\/?p=14227"},"modified":"2025-04-23T16:23:51","modified_gmt":"2025-04-23T19:23:51","slug":"diego-paulsen-sera-jefe-de-campana-de-evelyn-matthei","status":"publish","type":"post","link":"https:\/\/laserenaradio.cl\/web\/2025\/04\/23\/diego-paulsen-sera-jefe-de-campana-de-evelyn-matthei\/","title":{"rendered":"Diego Paulsen ser\u00e1 Jefe de Campa\u00f1a de Evelyn Matthei"},"content":{"rendered":"<p>Diego Paulsen, exdiputado de Renovaci\u00f3n Nacional (RN), ser\u00e1 el general\u00edsimo en la campa\u00f1a de Evelyn Matthei, candidata presidencial de Chile Vamos. Este nombramiento surge tras las recientes pol\u00e9micas enfrentadas por Matthei, incluyendo la fallida primaria y sus declaraciones sobre la dictadura.<\/p>\n<p>La designaci\u00f3n busca asegurar una mayor visibilidad para Matthei en la primera vuelta electoral del 29 de junio. Paulsen, quien estuvo ausente de la pol\u00edtica despu\u00e9s de su mandato como diputado por La Araucan\u00eda, volvi\u00f3 a la escena al organizar un encuentro entre Matthei y empresarios locales.<\/p>\n<p>Matthei apreci\u00f3 la trayectoria y experiencia parlamentaria de Paulsen, valorando su mesura y capacidad para buscar consensos. En tanto, los dirigentes de Renovaci\u00f3n Nacional destacaron la importancia del liderazgo estrat\u00e9gico y unidad que representa esta designaci\u00f3n, proyectando a Paulsen como un eventual jefe del Segundo Piso de La Moneda.<\/p>\n<p>Miguel Mellado, jefe de bancada de los diputados de Renovaci\u00f3n Nacional, afirm\u00f3: &#8220;\u00c9l lo hizo muy bien los dos a\u00f1os que estuvo como presidente de la C\u00e1mara de Diputados&#8221;. Jorge Guzm\u00e1n, subjefe de la Bancada de Ev\u00f3poli, a\u00f1adi\u00f3: &#8220;La dupla de Evelyn Matthei y Diego Paulsen puede liderar una campa\u00f1a para comunicar y convocar a los chilenos a un proyecto de pa\u00eds serio&#8221;.<\/p>\n<p>Por su parte, Marlene P\u00e9rez, subjefa de la bancada de la UDI, reconoci\u00f3 que Paulsen es un nombre joven y de regi\u00f3n, destacando su capacidad para generar una impresi\u00f3n positiva en la c\u00e1mara y liderar con convocatoria.<\/p>\n","protected":false},"excerpt":{"rendered":"<p>Diego Paulsen, exdiputado de Renovaci\u00f3n Nacional (RN), ser\u00e1 el general\u00edsimo en la campa\u00f1a de Evelyn Matthei, candidata presidencial de Chile Vamos. Este nombramiento surge tras las recientes pol\u00e9micas enfrentadas por Matthei, incluyendo la fallida primaria y sus declaraciones sobre la dictadura. La designaci\u00f3n busca asegurar una mayor visibilidad para Matthei en la primera vuelta electoral [&hellip;]<\/p>\n","protected":false},"author":2,"featured_media":14226,"comment_status":"closed","ping_status":"open","sticky":false,"template":"","format":"standard","meta":{"_jetpack_memberships_contains_paid_content":false,"jnews-multi-image_gallery":[],"jnews_single_post":[],"jnews_primary_category":[],"jnews_social_meta":[],"jnews_paywall_metabox":[],"jnews_review":[],"enable_review":"","type":"","name":"","summary":"","brand":"","sku":"","good":[],"bad":[],"score_override":"","override_value":"","rating":[],"price":[],"jnews_override_counter":[],"jnews_post_split":[],"footnotes":""},"categories":[83],"tags":[],"class_list":["post-14227","post","type-post","status-publish","format-standard","has-post-thumbnail","hentry","category-politica"],"jetpack_featured_media_url":"https:\/\/laserenaradio.cl\/web\/wp-content\/uploads\/2025\/04\/homepiaiextractoscrapimg_webpDiegoPaulsen_1.webp","jetpack_sharing_enabled":true,"_links":{"self":[{"href":"https:\/\/laserenaradio.cl\/web\/wp-json\/wp\/v2\/posts\/14227","targetHints":{"allow":["GET"]}}],"collection":[{"href":"https:\/\/laserenaradio.cl\/web\/wp-json\/wp\/v2\/posts"}],"about":[{"href":"https:\/\/laserenaradio.cl\/web\/wp-json\/wp\/v2\/types\/post"}],"author":[{"embeddable":true,"href":"https:\/\/laserenaradio.cl\/web\/wp-json\/wp\/v2\/users\/2"}],"replies":[{"embeddable":true,"href":"https:\/\/laserenaradio.cl\/web\/wp-json\/wp\/v2\/comments?post=14227"}],"version-history":[{"count":1,"href":"https:\/\/laserenaradio.cl\/web\/wp-json\/wp\/v2\/posts\/14227\/revisions"}],"predecessor-version":[{"id":14228,"href":"https:\/\/laserenaradio.cl\/web\/wp-json\/wp\/v2\/posts\/14227\/revisions\/14228"}],"wp:featuredmedia":[{"embeddable":true,"href":"https:\/\/laserenaradio.cl\/web\/wp-json\/wp\/v2\/media\/14226"}],"wp:attachment":[{"href":"https:\/\/laserenaradio.cl\/web\/wp-json\/wp\/v2\/media?parent=14227"}],"wp:term":[{"taxonomy":"category","embeddable":true,"href":"https:\/\/laserenaradio.cl\/web\/wp-json\/wp\/v2\/categories?post=14227"},{"taxonomy":"post_tag","embeddable":true,"href":"https:\/\/laserenaradio.cl\/web\/wp-json\/wp\/v2\/tags?post=14227"}],"curies":[{"name":"wp","href":"https:\/\/api.w.org\/{rel}","templated":true}]}}