{"id":14221,"date":"2025-04-23T11:20:49","date_gmt":"2025-04-23T14:20:49","guid":{"rendered":"https:\/\/laserenaradio.cl\/web\/?p=14221"},"modified":"2025-04-23T11:20:49","modified_gmt":"2025-04-23T14:20:49","slug":"senador-de-rn-acusa-deslealtad-a-humorista-sergio-hirane","status":"publish","type":"post","link":"https:\/\/laserenaradio.cl\/web\/2025\/04\/23\/senador-de-rn-acusa-deslealtad-a-humorista-sergio-hirane\/","title":{"rendered":"Senador de RN acusa deslealtad a humorista Sergio Hirane"},"content":{"rendered":"<p>Manuel Jos\u00e9 Ossand\u00f3n, senador de Renovaci\u00f3n Nacional (RN) y excandidato presidencial, denunci\u00f3 una &#8220;deslealtad&#8221; hacia Evelyn Matthei, candidata presidencial de UDI. Esto ocurri\u00f3 luego que Hirane, humorista y conductor de radio, afirmara haber sido contactado por la abanderada de Chile Vamos para competir en una eventual primaria.<\/p>\n<p>Seg\u00fan Hirane, Matthei lo hab\u00eda planteado para participar en las primarias conjuntamente, argumentando la necesidad de &#8220;primarias&#8221; dentro del partido. Ossand\u00f3n, quien mantiene amistad con Matthei, describi\u00f3 el asunto como un acto desleal y afirm\u00f3 que una figura pol\u00edtica como Chahu\u00e1n, quien tambi\u00e9n revel\u00f3 una conversaci\u00f3n similar, actu\u00f3 en lo que considera &#8220;loable&#8221;.<\/p>\n<p>Chahu\u00e1n declar\u00f3 que cre\u00eda ser competitivo y aprovech\u00f3 la oportunidad, al tiempo que Ossand\u00f3n sostuvo que este escenario era distintivo de un comentarista o persona fuera del \u00e1mbito pol\u00edtico. Hirane sali\u00f3 a aclarar sus dichos en redes sociales, indicando que nunca recibi\u00f3 una invitaci\u00f3n formal para participar.<\/p>\n<p>Finalmente, Ossand\u00f3n apoy\u00f3 la decisi\u00f3n de Chile Vamos de optar por una primera vuelta con Matthei, argumentando que no se logr\u00f3 convencer a Kast y Kaiser para competir en primarias.<\/p>\n","protected":false},"excerpt":{"rendered":"<p>Manuel Jos\u00e9 Ossand\u00f3n, senador de Renovaci\u00f3n Nacional (RN) y excandidato presidencial, denunci\u00f3 una &#8220;deslealtad&#8221; hacia Evelyn Matthei, candidata presidencial de UDI. Esto ocurri\u00f3 luego que Hirane, humorista y conductor de radio, afirmara haber sido contactado por la abanderada de Chile Vamos para competir en una eventual primaria. Seg\u00fan Hirane, Matthei lo hab\u00eda planteado para participar [&hellip;]<\/p>\n","protected":false},"author":2,"featured_media":14220,"comment_status":"closed","ping_status":"open","sticky":false,"template":"","format":"standard","meta":{"_jetpack_memberships_contains_paid_content":false,"jnews-multi-image_gallery":[],"jnews_single_post":[],"jnews_primary_category":[],"jnews_social_meta":[],"jnews_paywall_metabox":[],"jnews_review":[],"enable_review":"","type":"","name":"","summary":"","brand":"","sku":"","good":[],"bad":[],"score_override":"","override_value":"","rating":[],"price":[],"jnews_override_counter":[],"jnews_post_split":[],"footnotes":""},"categories":[83],"tags":[],"class_list":["post-14221","post","type-post","status-publish","format-standard","has-post-thumbnail","hentry","category-politica"],"jetpack_featured_media_url":"https:\/\/laserenaradio.cl\/web\/wp-content\/uploads\/2025\/04\/homepiaiextractoscrapimg_predeterminadalaserenaradio_politica-4.webp","jetpack_sharing_enabled":true,"_links":{"self":[{"href":"https:\/\/laserenaradio.cl\/web\/wp-json\/wp\/v2\/posts\/14221","targetHints":{"allow":["GET"]}}],"collection":[{"href":"https:\/\/laserenaradio.cl\/web\/wp-json\/wp\/v2\/posts"}],"about":[{"href":"https:\/\/laserenaradio.cl\/web\/wp-json\/wp\/v2\/types\/post"}],"author":[{"embeddable":true,"href":"https:\/\/laserenaradio.cl\/web\/wp-json\/wp\/v2\/users\/2"}],"replies":[{"embeddable":true,"href":"https:\/\/laserenaradio.cl\/web\/wp-json\/wp\/v2\/comments?post=14221"}],"version-history":[{"count":1,"href":"https:\/\/laserenaradio.cl\/web\/wp-json\/wp\/v2\/posts\/14221\/revisions"}],"predecessor-version":[{"id":14222,"href":"https:\/\/laserenaradio.cl\/web\/wp-json\/wp\/v2\/posts\/14221\/revisions\/14222"}],"wp:featuredmedia":[{"embeddable":true,"href":"https:\/\/laserenaradio.cl\/web\/wp-json\/wp\/v2\/media\/14220"}],"wp:attachment":[{"href":"https:\/\/laserenaradio.cl\/web\/wp-json\/wp\/v2\/media?parent=14221"}],"wp:term":[{"taxonomy":"category","embeddable":true,"href":"https:\/\/laserenaradio.cl\/web\/wp-json\/wp\/v2\/categories?post=14221"},{"taxonomy":"post_tag","embeddable":true,"href":"https:\/\/laserenaradio.cl\/web\/wp-json\/wp\/v2\/tags?post=14221"}],"curies":[{"name":"wp","href":"https:\/\/api.w.org\/{rel}","templated":true}]}}