{"id":14218,"date":"2025-04-23T11:18:15","date_gmt":"2025-04-23T14:18:15","guid":{"rendered":"https:\/\/laserenaradio.cl\/web\/?p=14218"},"modified":"2025-04-23T11:18:15","modified_gmt":"2025-04-23T14:18:15","slug":"gabriel-boric-confirma-interes-en-participar-como-invitado-en-cumbre-del-brics","status":"publish","type":"post","link":"https:\/\/laserenaradio.cl\/web\/2025\/04\/23\/gabriel-boric-confirma-interes-en-participar-como-invitado-en-cumbre-del-brics\/","title":{"rendered":"Gabriel Boric confirma inter\u00e9s en participar como invitado en cumbre del BRICS."},"content":{"rendered":"<p>El Presidente Gabriel Boric, durante su visita a Brasil, confirm\u00f3 su inter\u00e9s en participar como invitado en la cumbre del BRICS. En un encuentro con Lula Da Silva, resalt\u00f3 la importancia de una Am\u00e9rica Latina unida ante la incertidumbre global.<\/p>\n<p>Primero, el pasado martes, el mandatario chileno y su par de Brasil, Luiz In\u00e1cio Lula Da Silva, sostuvieron una reuni\u00f3n bilateral que se extendi\u00f3 m\u00e1s all\u00e1 del tiempo estimado. Tanto as\u00ed, que se suspendi\u00f3 una ronda de preguntas. Posteriormente, Boric abri\u00f3 las palabras, y mientras Lula lo observaba atentamente, apunt\u00f3 a la importancia de unir Am\u00e9rica Latina en este escenario de incertidumbre mundial.<\/p>\n<p>M\u00e1s tarde, en el cierre del foro empresarial Chile-Brasil, Boric reafirm\u00f3 este mensaje, asegurando que nuestro pa\u00eds no apoya ninguna guerra comercial. As\u00ed, reiter\u00f3 que Chile defiende su autonom\u00eda estrat\u00e9gica y destac\u00f3 las relaciones con Estados Unidos, la Uni\u00f3n Europea y China.<\/p>\n<p>Por otro lado, Lula Da Silva plante\u00f3 que de nada sirve actuar en solitario en la regi\u00f3n, adem\u00e1s de preguntarse: &#8220;\u00bfQu\u00e9 va a pasar en Chile si asume la pr\u00f3xima presidencia la ultraderecha? Y lo mismo en todos los pa\u00edses del mundo&#8221;.<\/p>\n<p>En su alocuci\u00f3n, el Presidente Gabriel Boric indic\u00f3 que buscar\u00e1 mantener el di\u00e1logo con Lula \u201cen temas que nos unen como pa\u00eds y tambi\u00e9n que nos unen como principios, como liderazgos progresistas\u201d. En la misma l\u00ednea, inform\u00f3 que sigue en pie la cumbre por la democracia a la que Chile est\u00e1 convocando con Brasil y Espa\u00f1a, la que se realizar\u00e1 en los pr\u00f3ximos meses en territorio nacional.<\/p>\n<p>Sin embargo, aquella no es la \u00fanica cumbre que podr\u00eda reencontrar a ambos mandatarios. El jefe de Estado chileno asistir\u00e1 a la conferencia de las Naciones Unidas sobre el cambio clim\u00e1tico de 2025 (COP30), en Bel\u00e9m do Para, y tambi\u00e9n planea participar en la cumbre del BRICS.<\/p>\n<p>En ese sentido, Brasil, Rusia, India, China y Sud\u00e1frica son los pa\u00edses que conforman el bloque. Es por ello que hay voces en el mundo internacional que advierten los riesgos de participar como invitado en una cumbre de estas caracter\u00edsticas. Heraldo Mu\u00f1oz, excanciller, sostuvo que \u201cChile debe profundizar sus lazos con pa\u00edses que est\u00e9n a favor de un comercio abierto, basado en reglas y respetuosos de los acuerdos y del derecho internacional. Tengo serias dudas si la eventual pertenencia de Chile al BRICS ayuda a estos objetivos nacionales\u201d.<\/p>\n<p>Por el contrario, Sebasti\u00e1n Hope, abogado y experto en temas internacionales de la Universidad Finis Terrae, se\u00f1al\u00f3 que hay ciertos riesgos que podr\u00edan presentarse al compartir con estos pa\u00edses en una cumbre de estas caracter\u00edsticas, sobre todo en el marco de la guerra comercial.<\/p>\n","protected":false},"excerpt":{"rendered":"<p>El Presidente Gabriel Boric, durante su visita a Brasil, confirm\u00f3 su inter\u00e9s en participar como invitado en la cumbre del BRICS. En un encuentro con Lula Da Silva, resalt\u00f3 la importancia de una Am\u00e9rica Latina unida ante la incertidumbre global. Primero, el pasado martes, el mandatario chileno y su par de Brasil, Luiz In\u00e1cio Lula [&hellip;]<\/p>\n","protected":false},"author":2,"featured_media":14217,"comment_status":"closed","ping_status":"open","sticky":false,"template":"","format":"standard","meta":{"_jetpack_memberships_contains_paid_content":false,"jnews-multi-image_gallery":[],"jnews_single_post":[],"jnews_primary_category":[],"jnews_social_meta":[],"jnews_paywall_metabox":[],"jnews_review":[],"enable_review":"","type":"","name":"","summary":"","brand":"","sku":"","good":[],"bad":[],"score_override":"","override_value":"","rating":[],"price":[],"jnews_override_counter":[],"jnews_post_split":[],"footnotes":""},"categories":[83],"tags":[],"class_list":["post-14218","post","type-post","status-publish","format-standard","has-post-thumbnail","hentry","category-politica"],"jetpack_featured_media_url":"https:\/\/laserenaradio.cl\/web\/wp-content\/uploads\/2025\/04\/homepiaiextractoscrapimg_webpcumbreChileBrasilparticipar_0.webp","jetpack_sharing_enabled":true,"_links":{"self":[{"href":"https:\/\/laserenaradio.cl\/web\/wp-json\/wp\/v2\/posts\/14218","targetHints":{"allow":["GET"]}}],"collection":[{"href":"https:\/\/laserenaradio.cl\/web\/wp-json\/wp\/v2\/posts"}],"about":[{"href":"https:\/\/laserenaradio.cl\/web\/wp-json\/wp\/v2\/types\/post"}],"author":[{"embeddable":true,"href":"https:\/\/laserenaradio.cl\/web\/wp-json\/wp\/v2\/users\/2"}],"replies":[{"embeddable":true,"href":"https:\/\/laserenaradio.cl\/web\/wp-json\/wp\/v2\/comments?post=14218"}],"version-history":[{"count":1,"href":"https:\/\/laserenaradio.cl\/web\/wp-json\/wp\/v2\/posts\/14218\/revisions"}],"predecessor-version":[{"id":14219,"href":"https:\/\/laserenaradio.cl\/web\/wp-json\/wp\/v2\/posts\/14218\/revisions\/14219"}],"wp:featuredmedia":[{"embeddable":true,"href":"https:\/\/laserenaradio.cl\/web\/wp-json\/wp\/v2\/media\/14217"}],"wp:attachment":[{"href":"https:\/\/laserenaradio.cl\/web\/wp-json\/wp\/v2\/media?parent=14218"}],"wp:term":[{"taxonomy":"category","embeddable":true,"href":"https:\/\/laserenaradio.cl\/web\/wp-json\/wp\/v2\/categories?post=14218"},{"taxonomy":"post_tag","embeddable":true,"href":"https:\/\/laserenaradio.cl\/web\/wp-json\/wp\/v2\/tags?post=14218"}],"curies":[{"name":"wp","href":"https:\/\/api.w.org\/{rel}","templated":true}]}}