{"id":14203,"date":"2025-04-23T11:07:28","date_gmt":"2025-04-23T14:07:28","guid":{"rendered":"https:\/\/laserenaradio.cl\/web\/?p=14203"},"modified":"2025-04-23T11:07:28","modified_gmt":"2025-04-23T14:07:28","slug":"criticas-entre-evelyn-matthei-y-jaime-gajardo-sobre-carcel-de-maxima-seguridad-en-copiapo","status":"publish","type":"post","link":"https:\/\/laserenaradio.cl\/web\/2025\/04\/23\/criticas-entre-evelyn-matthei-y-jaime-gajardo-sobre-carcel-de-maxima-seguridad-en-copiapo\/","title":{"rendered":"Cr\u00edticas entre Evelyn Matthei y Jaime Gajardo sobre c\u00e1rcel de m\u00e1xima seguridad en Copiap\u00f3."},"content":{"rendered":"<p>Evelyn Matthei, candidata presidencial de Chile Vamos, respondi\u00f3 a cr\u00edticas del ministro de Justicia, Jaime Gajardo, sobre su propuesta de construir una c\u00e1rcel de m\u00e1xima seguridad en Copiap\u00f3. No es la primera vez que el Gobierno se opone a las ideas de Matthei para instalar centros penitenciarios en la regi\u00f3n norte del pa\u00eds.<\/p>\n<p>En marzo pasado, Gajardo calific\u00f3 de &#8220;anuncios rimbombantes&#8221; la idea presentada por la ex alcaldesa de Providencia. A pesar de estas cr\u00edticas, Matthei insisti\u00f3 en su iniciativa, proponiendo una c\u00e1rcel de alta seguridad con aislamiento para jefes del crimen organizado.<\/p>\n<p>Gajardo pidi\u00f3 &#8220;seriedad&#8221; en el debate y acus\u00f3 un &#8220;desconocimiento profundo&#8221; de la propuesta de Matthei. Seg\u00fan \u00e9l, el Plan Maestro de Infraestructura Penitenciaria ya cuenta con 1.574 plazas de m\u00e1xima y alta seguridad.<\/p>\n<p>Matthei tuite\u00f3 que su plan total, presentado en diciembre, incluye aumentar las plazas penitenciarias en 32 mil, sin demorarse 10 a\u00f1os. Sugiri\u00f3 a Gajardo colaborar para explicar el plan robusto y viable de construcci\u00f3n.<\/p>\n<p>Ambos se comprometieron a trabajar por el bienestar de Chile, pese a las diferencias en sus propuestas.<\/p>\n","protected":false},"excerpt":{"rendered":"<p>Evelyn Matthei, candidata presidencial de Chile Vamos, respondi\u00f3 a cr\u00edticas del ministro de Justicia, Jaime Gajardo, sobre su propuesta de construir una c\u00e1rcel de m\u00e1xima seguridad en Copiap\u00f3. No es la primera vez que el Gobierno se opone a las ideas de Matthei para instalar centros penitenciarios en la regi\u00f3n norte del pa\u00eds. En marzo [&hellip;]<\/p>\n","protected":false},"author":2,"featured_media":14202,"comment_status":"closed","ping_status":"open","sticky":false,"template":"","format":"standard","meta":{"_jetpack_memberships_contains_paid_content":false,"jnews-multi-image_gallery":[],"jnews_single_post":[],"jnews_primary_category":[],"jnews_social_meta":[],"jnews_paywall_metabox":[],"jnews_review":[],"enable_review":"","type":"","name":"","summary":"","brand":"","sku":"","good":[],"bad":[],"score_override":"","override_value":"","rating":[],"price":[],"jnews_override_counter":[],"jnews_post_split":[],"footnotes":""},"categories":[83],"tags":[],"class_list":["post-14203","post","type-post","status-publish","format-standard","has-post-thumbnail","hentry","category-politica"],"jetpack_featured_media_url":"https:\/\/laserenaradio.cl\/web\/wp-content\/uploads\/2025\/04\/homepiaiextractoscrapimg_webpseguridadMattheiGajardoEvelynMatthei_0.webp","jetpack_sharing_enabled":true,"_links":{"self":[{"href":"https:\/\/laserenaradio.cl\/web\/wp-json\/wp\/v2\/posts\/14203","targetHints":{"allow":["GET"]}}],"collection":[{"href":"https:\/\/laserenaradio.cl\/web\/wp-json\/wp\/v2\/posts"}],"about":[{"href":"https:\/\/laserenaradio.cl\/web\/wp-json\/wp\/v2\/types\/post"}],"author":[{"embeddable":true,"href":"https:\/\/laserenaradio.cl\/web\/wp-json\/wp\/v2\/users\/2"}],"replies":[{"embeddable":true,"href":"https:\/\/laserenaradio.cl\/web\/wp-json\/wp\/v2\/comments?post=14203"}],"version-history":[{"count":1,"href":"https:\/\/laserenaradio.cl\/web\/wp-json\/wp\/v2\/posts\/14203\/revisions"}],"predecessor-version":[{"id":14204,"href":"https:\/\/laserenaradio.cl\/web\/wp-json\/wp\/v2\/posts\/14203\/revisions\/14204"}],"wp:featuredmedia":[{"embeddable":true,"href":"https:\/\/laserenaradio.cl\/web\/wp-json\/wp\/v2\/media\/14202"}],"wp:attachment":[{"href":"https:\/\/laserenaradio.cl\/web\/wp-json\/wp\/v2\/media?parent=14203"}],"wp:term":[{"taxonomy":"category","embeddable":true,"href":"https:\/\/laserenaradio.cl\/web\/wp-json\/wp\/v2\/categories?post=14203"},{"taxonomy":"post_tag","embeddable":true,"href":"https:\/\/laserenaradio.cl\/web\/wp-json\/wp\/v2\/tags?post=14203"}],"curies":[{"name":"wp","href":"https:\/\/api.w.org\/{rel}","templated":true}]}}