{"id":14194,"date":"2025-04-22T17:07:39","date_gmt":"2025-04-22T20:07:39","guid":{"rendered":"https:\/\/laserenaradio.cl\/web\/?p=14194"},"modified":"2025-04-22T17:07:39","modified_gmt":"2025-04-22T20:07:39","slug":"boric-y-lula-consolidan-vinculos-estrategicos-entre-chile-y-brasil","status":"publish","type":"post","link":"https:\/\/laserenaradio.cl\/web\/2025\/04\/22\/boric-y-lula-consolidan-vinculos-estrategicos-entre-chile-y-brasil\/","title":{"rendered":"Boric y Lula consolidan v\u00ednculos estrat\u00e9gicos entre Chile y Brasil"},"content":{"rendered":"<p>En el marco de su visita oficial a Brasil, el Presidente Gabriel Boric se reuni\u00f3 con Luiz Inacio Lula da Silva, defendiendo el multilateralismo. Ambos afianzaron lazos como socios estrat\u00e9gicos en pol\u00edtica y econom\u00eda, frente al conflicto arancelario desatado por Estados Unidos.<\/p>\n<p>Boric lleg\u00f3 a Brasilia junto a ministros y empresarios. Luego de la reuni\u00f3n con el mandatario brasile\u00f1o, subray\u00f3 que &#8220;en tiempos cuestionados del multilateralismo y la amistad entre pueblos, trabajar conjunto con Brasil es fundamental.&#8221;<\/p>\n<p>&#8220;El mundo enfrenta desaf\u00edos como la crisis migratoria, clim\u00e1tica e impredecibles como lo fue el COVID. Tenemos el deber de colaborar en un escenario incierto, especialmente en econom\u00eda&#8221;, indic\u00f3 Boric.<\/p>\n<p>Con Brasil, compartimos profundas amistades y fraternidad. Hoy iniciamos esta visita conmemorando la larga relaci\u00f3n diplom\u00e1tica que se ha fortalecido en el tiempo. Para m\u00ed, @LulaOficial no solo es presidente de un pa\u00eds hermano, tambi\u00e9n es amigo y aliado.<\/p>\n<p>El jefe del Estado agreg\u00f3: &#8220;Aqu\u00ed en Am\u00e9rica del Sur somos amigos y seguiremos trabajando para defender principios como la democracia, multilateralismo y comercio libre. Chile est\u00e1 en contra de una guerra comercial y la politizaci\u00f3n arbitraria del comercio.&#8221;<\/p>\n<p>Lula enfatiz\u00f3 que se considera un obsesionado con la integraci\u00f3n, aseverando que &#8220;aislados somos d\u00e9biles; no hemos nacido para seguir siendo pa\u00edses pobres por otros 500 a\u00f1os. Defendemos democracia, multilateralismo y comercio libre.&#8221;<\/p>\n<p>El presidente brasile\u00f1o reiter\u00f3 su invitaci\u00f3n al Presidente Boric para la cumbre del Brics en julio en Rio de Janeiro. &#8220;Su presencia en la cumbre Celac en China es importante. Vamos a hacer gestiones para ver si es posible que se re\u00fana con Xi Jinping, un pa\u00eds grande no solo por su dinamismo econ\u00f3mico.&#8221;<\/p>\n<p>Cabe recordar que Boric ya acudi\u00f3 a China en 2023, visitando Chengd\u00fa y luego Beijing donde se reuni\u00f3 con Xi Jinping.<\/p>\n","protected":false},"excerpt":{"rendered":"<p>En el marco de su visita oficial a Brasil, el Presidente Gabriel Boric se reuni\u00f3 con Luiz Inacio Lula da Silva, defendiendo el multilateralismo. Ambos afianzaron lazos como socios estrat\u00e9gicos en pol\u00edtica y econom\u00eda, frente al conflicto arancelario desatado por Estados Unidos. Boric lleg\u00f3 a Brasilia junto a ministros y empresarios. Luego de la reuni\u00f3n [&hellip;]<\/p>\n","protected":false},"author":2,"featured_media":14193,"comment_status":"closed","ping_status":"open","sticky":false,"template":"","format":"standard","meta":{"_jetpack_memberships_contains_paid_content":false,"jnews-multi-image_gallery":[],"jnews_single_post":[],"jnews_primary_category":[],"jnews_social_meta":[],"jnews_paywall_metabox":[],"jnews_review":[],"enable_review":"","type":"","name":"","summary":"","brand":"","sku":"","good":[],"bad":[],"score_override":"","override_value":"","rating":[],"price":[],"jnews_override_counter":[],"jnews_post_split":[],"footnotes":""},"categories":[83],"tags":[],"class_list":["post-14194","post","type-post","status-publish","format-standard","has-post-thumbnail","hentry","category-politica"],"jetpack_featured_media_url":"https:\/\/laserenaradio.cl\/web\/wp-content\/uploads\/2025\/04\/homepiaiextractoscrapimg_webpmultilateralismoBoricBrasilcomercio_0.webp","jetpack_sharing_enabled":true,"_links":{"self":[{"href":"https:\/\/laserenaradio.cl\/web\/wp-json\/wp\/v2\/posts\/14194","targetHints":{"allow":["GET"]}}],"collection":[{"href":"https:\/\/laserenaradio.cl\/web\/wp-json\/wp\/v2\/posts"}],"about":[{"href":"https:\/\/laserenaradio.cl\/web\/wp-json\/wp\/v2\/types\/post"}],"author":[{"embeddable":true,"href":"https:\/\/laserenaradio.cl\/web\/wp-json\/wp\/v2\/users\/2"}],"replies":[{"embeddable":true,"href":"https:\/\/laserenaradio.cl\/web\/wp-json\/wp\/v2\/comments?post=14194"}],"version-history":[{"count":1,"href":"https:\/\/laserenaradio.cl\/web\/wp-json\/wp\/v2\/posts\/14194\/revisions"}],"predecessor-version":[{"id":14195,"href":"https:\/\/laserenaradio.cl\/web\/wp-json\/wp\/v2\/posts\/14194\/revisions\/14195"}],"wp:featuredmedia":[{"embeddable":true,"href":"https:\/\/laserenaradio.cl\/web\/wp-json\/wp\/v2\/media\/14193"}],"wp:attachment":[{"href":"https:\/\/laserenaradio.cl\/web\/wp-json\/wp\/v2\/media?parent=14194"}],"wp:term":[{"taxonomy":"category","embeddable":true,"href":"https:\/\/laserenaradio.cl\/web\/wp-json\/wp\/v2\/categories?post=14194"},{"taxonomy":"post_tag","embeddable":true,"href":"https:\/\/laserenaradio.cl\/web\/wp-json\/wp\/v2\/tags?post=14194"}],"curies":[{"name":"wp","href":"https:\/\/api.w.org\/{rel}","templated":true}]}}