{"id":14182,"date":"2025-04-22T13:45:47","date_gmt":"2025-04-22T16:45:47","guid":{"rendered":"https:\/\/laserenaradio.cl\/web\/?p=14182"},"modified":"2025-04-22T13:45:47","modified_gmt":"2025-04-22T16:45:47","slug":"diputados-republicanos-critican-a-chile-vamos-tras-fallida-primaria","status":"publish","type":"post","link":"https:\/\/laserenaradio.cl\/web\/2025\/04\/22\/diputados-republicanos-critican-a-chile-vamos-tras-fallida-primaria\/","title":{"rendered":"Diputados republicanos critican a Chile Vamos tras fallida primaria."},"content":{"rendered":"<p>Los diputados republicanos Juan Irarr\u00e1zaval y Agust\u00edn Romero criticaron la fallida primaria de Chile Vamos, enfoc\u00e1ndose en su candidata presidencial, Evelyn Matthei. Aseguraron que Matthei culp\u00f3 a Jos\u00e9 Antonio Kast y Johannes Kaiser por rechazar la unidad dentro del sector.<\/p>\n<p>&#8220;Es llamativo que una candidata que lider\u00f3 las encuestas est\u00e9 hoy d\u00e1ndole tantos pasos en falso&#8221;, dijo Irarr\u00e1zabal, acusando nerviosismo y cuestionando su capacidad de liderazgo. &#8220;Hoy aquellos que nos se\u00f1alan por nuestras posibilidades o capacidades para gobernar est\u00e1n sufriendo eso, no tienen la capacidad de gobernarse ni de ordenarse ellos mismos&#8221;, a\u00f1adi\u00f3.<\/p>\n<p>Romero consider\u00f3 el escenario como una &#8220;verdadera chacota&#8221; m\u00e1s all\u00e1 de un bochorno. Critic\u00f3 las renuncias y lo que llam\u00f3 una primaria improvisada o &#8220;mula&#8221;. <\/p>\n<p>&#8220;Hoy d\u00eda Chile Vamos demuestra ingobernabilidad, algo grave porque ellos fueron calificados por los chilenos como la gobernabilidad&#8221;, expres\u00f3 el diputado Romero. Asegur\u00f3 que no solo hay bajadas en las intenciones de votos sino tambi\u00e9n un desinter\u00e9s en trabajar sobre las urgencias del pa\u00eds.<\/p>\n<p>&#8220;Chile necesita propuestas, trabajo y no estas maniobras pol\u00edticas que finalmente nos dejan todos en verg\u00fcenza&#8221;, concluy\u00f3 Romero.<\/p>\n","protected":false},"excerpt":{"rendered":"<p>Los diputados republicanos Juan Irarr\u00e1zaval y Agust\u00edn Romero criticaron la fallida primaria de Chile Vamos, enfoc\u00e1ndose en su candidata presidencial, Evelyn Matthei. Aseguraron que Matthei culp\u00f3 a Jos\u00e9 Antonio Kast y Johannes Kaiser por rechazar la unidad dentro del sector. &#8220;Es llamativo que una candidata que lider\u00f3 las encuestas est\u00e9 hoy d\u00e1ndole tantos pasos en [&hellip;]<\/p>\n","protected":false},"author":2,"featured_media":14181,"comment_status":"closed","ping_status":"open","sticky":false,"template":"","format":"standard","meta":{"_jetpack_memberships_contains_paid_content":false,"jnews-multi-image_gallery":[],"jnews_single_post":[],"jnews_primary_category":[],"jnews_social_meta":[],"jnews_paywall_metabox":[],"jnews_review":[],"enable_review":"","type":"","name":"","summary":"","brand":"","sku":"","good":[],"bad":[],"score_override":"","override_value":"","rating":[],"price":[],"jnews_override_counter":[],"jnews_post_split":[],"footnotes":""},"categories":[83],"tags":[],"class_list":["post-14182","post","type-post","status-publish","format-standard","has-post-thumbnail","hentry","category-politica"],"jetpack_featured_media_url":"https:\/\/laserenaradio.cl\/web\/wp-content\/uploads\/2025\/04\/homepiaiextractoscrapimg_webpDiputadosChile_1.webp","jetpack_sharing_enabled":true,"_links":{"self":[{"href":"https:\/\/laserenaradio.cl\/web\/wp-json\/wp\/v2\/posts\/14182","targetHints":{"allow":["GET"]}}],"collection":[{"href":"https:\/\/laserenaradio.cl\/web\/wp-json\/wp\/v2\/posts"}],"about":[{"href":"https:\/\/laserenaradio.cl\/web\/wp-json\/wp\/v2\/types\/post"}],"author":[{"embeddable":true,"href":"https:\/\/laserenaradio.cl\/web\/wp-json\/wp\/v2\/users\/2"}],"replies":[{"embeddable":true,"href":"https:\/\/laserenaradio.cl\/web\/wp-json\/wp\/v2\/comments?post=14182"}],"version-history":[{"count":1,"href":"https:\/\/laserenaradio.cl\/web\/wp-json\/wp\/v2\/posts\/14182\/revisions"}],"predecessor-version":[{"id":14183,"href":"https:\/\/laserenaradio.cl\/web\/wp-json\/wp\/v2\/posts\/14182\/revisions\/14183"}],"wp:featuredmedia":[{"embeddable":true,"href":"https:\/\/laserenaradio.cl\/web\/wp-json\/wp\/v2\/media\/14181"}],"wp:attachment":[{"href":"https:\/\/laserenaradio.cl\/web\/wp-json\/wp\/v2\/media?parent=14182"}],"wp:term":[{"taxonomy":"category","embeddable":true,"href":"https:\/\/laserenaradio.cl\/web\/wp-json\/wp\/v2\/categories?post=14182"},{"taxonomy":"post_tag","embeddable":true,"href":"https:\/\/laserenaradio.cl\/web\/wp-json\/wp\/v2\/tags?post=14182"}],"curies":[{"name":"wp","href":"https:\/\/api.w.org\/{rel}","templated":true}]}}