{"id":14173,"date":"2025-04-22T11:56:50","date_gmt":"2025-04-22T14:56:50","guid":{"rendered":"https:\/\/laserenaradio.cl\/web\/?p=14173"},"modified":"2025-04-22T11:56:50","modified_gmt":"2025-04-22T14:56:50","slug":"la-derecha-mas-dura-avanza-en-chile","status":"publish","type":"post","link":"https:\/\/laserenaradio.cl\/web\/2025\/04\/22\/la-derecha-mas-dura-avanza-en-chile\/","title":{"rendered":"La derecha m\u00e1s dura avanza en Chile."},"content":{"rendered":"<p>Carolina Toh\u00e1, abanderada del PPD, analiz\u00f3 el avance de la ultraderecha en pol\u00edtica chilena y mundial. En particular, destac\u00f3 que Evelyn Matthei (UDI) intenta desmarcarse de los postulados de Jos\u00e9 Antonio Kast (Republicano) y Johannes Kaiser (PNL), pero asegura que &#8220;est\u00e1 abriendo la puerta a esa tendencia&#8221;. Toh\u00e1 explic\u00f3 que proyectos como los de Kaisser y Kast han encontrado terreno f\u00e9rtil en el pa\u00eds, ya que abordan temas tradicionalmente poco atendidos por la izquierda. &#8220;Estos dolores de la sociedad, los temas angustiantes para las personas, se han centrado en \u00e1reas donde la izquierda no ten\u00eda identidad&#8221;, se\u00f1al\u00f3 Toh\u00e1.<\/p>\n<p>Seg\u00fan la exministra del Interior, estas tendencias han permitido que ciertas propuestas queden sin atenci\u00f3n, dando paso a &#8220;vitrineo&#8221; de ideas m\u00e1s extremas. Toh\u00e1 arremeti\u00f3 contra Matthei y los dem\u00e1s candidatos, afirmando que &#8220;est\u00e1n compitiendo en qui\u00e9n es m\u00e1s duro, qui\u00e9n es m\u00e1s extremo&#8221;, ignorando las convenciones sociales construidas transversalmente.<\/p>\n<p>Finalmente, Toh\u00e1 concluy\u00f3 que Evelyn Matthei no est\u00e1 decidida a frenar el &#8220;tsunami ultraconservador&#8221; y que su posici\u00f3n &#8220;est\u00e1 abriendo la puerta a esa tendencia&#8221;.<\/p>\n","protected":false},"excerpt":{"rendered":"<p>Carolina Toh\u00e1, abanderada del PPD, analiz\u00f3 el avance de la ultraderecha en pol\u00edtica chilena y mundial. En particular, destac\u00f3 que Evelyn Matthei (UDI) intenta desmarcarse de los postulados de Jos\u00e9 Antonio Kast (Republicano) y Johannes Kaiser (PNL), pero asegura que &#8220;est\u00e1 abriendo la puerta a esa tendencia&#8221;. Toh\u00e1 explic\u00f3 que proyectos como los de Kaisser [&hellip;]<\/p>\n","protected":false},"author":2,"featured_media":14172,"comment_status":"closed","ping_status":"open","sticky":false,"template":"","format":"standard","meta":{"_jetpack_memberships_contains_paid_content":false,"jnews-multi-image_gallery":[],"jnews_single_post":[],"jnews_primary_category":[],"jnews_social_meta":[],"jnews_paywall_metabox":[],"jnews_review":[],"enable_review":"","type":"","name":"","summary":"","brand":"","sku":"","good":[],"bad":[],"score_override":"","override_value":"","rating":[],"price":[],"jnews_override_counter":[],"jnews_post_split":[],"footnotes":""},"categories":[83],"tags":[],"class_list":["post-14173","post","type-post","status-publish","format-standard","has-post-thumbnail","hentry","category-politica"],"jetpack_featured_media_url":"https:\/\/laserenaradio.cl\/web\/wp-content\/uploads\/2025\/04\/homepiaiextractoscrapimg_webpChileultraderecha_0.webp","jetpack_sharing_enabled":true,"_links":{"self":[{"href":"https:\/\/laserenaradio.cl\/web\/wp-json\/wp\/v2\/posts\/14173","targetHints":{"allow":["GET"]}}],"collection":[{"href":"https:\/\/laserenaradio.cl\/web\/wp-json\/wp\/v2\/posts"}],"about":[{"href":"https:\/\/laserenaradio.cl\/web\/wp-json\/wp\/v2\/types\/post"}],"author":[{"embeddable":true,"href":"https:\/\/laserenaradio.cl\/web\/wp-json\/wp\/v2\/users\/2"}],"replies":[{"embeddable":true,"href":"https:\/\/laserenaradio.cl\/web\/wp-json\/wp\/v2\/comments?post=14173"}],"version-history":[{"count":1,"href":"https:\/\/laserenaradio.cl\/web\/wp-json\/wp\/v2\/posts\/14173\/revisions"}],"predecessor-version":[{"id":14174,"href":"https:\/\/laserenaradio.cl\/web\/wp-json\/wp\/v2\/posts\/14173\/revisions\/14174"}],"wp:featuredmedia":[{"embeddable":true,"href":"https:\/\/laserenaradio.cl\/web\/wp-json\/wp\/v2\/media\/14172"}],"wp:attachment":[{"href":"https:\/\/laserenaradio.cl\/web\/wp-json\/wp\/v2\/media?parent=14173"}],"wp:term":[{"taxonomy":"category","embeddable":true,"href":"https:\/\/laserenaradio.cl\/web\/wp-json\/wp\/v2\/categories?post=14173"},{"taxonomy":"post_tag","embeddable":true,"href":"https:\/\/laserenaradio.cl\/web\/wp-json\/wp\/v2\/tags?post=14173"}],"curies":[{"name":"wp","href":"https:\/\/api.w.org\/{rel}","templated":true}]}}