{"id":14167,"date":"2025-04-22T11:02:21","date_gmt":"2025-04-22T14:02:21","guid":{"rendered":"https:\/\/laserenaradio.cl\/web\/?p=14167"},"modified":"2025-04-22T11:02:21","modified_gmt":"2025-04-22T14:02:21","slug":"sergio-hirane-rechazo-participar-en-primaria-de-chile-vamos","status":"publish","type":"post","link":"https:\/\/laserenaradio.cl\/web\/2025\/04\/22\/sergio-hirane-rechazo-participar-en-primaria-de-chile-vamos\/","title":{"rendered":"Sergio Hirane rechaz\u00f3 participar en primaria de Chile Vamos."},"content":{"rendered":"<p>Sergio Hirane, conocido como \u2018Checho\u2019 Hirane, revel\u00f3 en el programa Conectados de Radio Agricultura que Evelyn Matthei (UDI) le propuso participar en una eventual primaria de Chile Vamos. Seg\u00fan explic\u00f3, la invitaci\u00f3n surgi\u00f3 debido a las negativas de Jos\u00e9 Antonio Kast y Johannes Kaiser a realizar una primaria, pero Hirane declin\u00f3 la oferta.<\/p>\n<p>Al respecto, Hirane coment\u00f3 que &#8220;ella, al principio, no quer\u00eda tener una primaria sola con Carter y obviamente, a pesar de lo que t\u00fa puedas pensar, la necesidad de primarias era un hecho de la causa&#8221;. A\u00f1adi\u00f3 que &#8220;van a estar los otros en primarias hablando de pol\u00edtica y la centroderecha va a estar muda porque no tiene primarias&#8221;.<\/p>\n<p>Al ser consultado sobre sus motivos para la negativa, el comediante explic\u00f3: &#8220;al ir a una primaria quemo todos mis barcos; ya no puedo volver a la radio, no puedo volver a mi actividad porque eso queda muerto&#8221;. Adem\u00e1s, plante\u00f3 que &#8220;Una primaria que obviamente iba a perder. \u00bfCu\u00e1l era la ventaja para m\u00ed de ir a una primaria?&#8221;<\/p>\n<p>Finalmente, Hirane sentenci\u00f3: &#8220;si de m\u00ed depende de que salga una candidata de derecha, lo har\u00eda, pero midiendo yo los pro y los contra&#8221;.<\/p>\n","protected":false},"excerpt":{"rendered":"<p>Sergio Hirane, conocido como \u2018Checho\u2019 Hirane, revel\u00f3 en el programa Conectados de Radio Agricultura que Evelyn Matthei (UDI) le propuso participar en una eventual primaria de Chile Vamos. Seg\u00fan explic\u00f3, la invitaci\u00f3n surgi\u00f3 debido a las negativas de Jos\u00e9 Antonio Kast y Johannes Kaiser a realizar una primaria, pero Hirane declin\u00f3 la oferta. Al respecto, [&hellip;]<\/p>\n","protected":false},"author":2,"featured_media":14166,"comment_status":"closed","ping_status":"open","sticky":false,"template":"","format":"standard","meta":{"_jetpack_memberships_contains_paid_content":false,"jnews-multi-image_gallery":[],"jnews_single_post":[],"jnews_primary_category":[],"jnews_social_meta":[],"jnews_paywall_metabox":[],"jnews_review":[],"enable_review":"","type":"","name":"","summary":"","brand":"","sku":"","good":[],"bad":[],"score_override":"","override_value":"","rating":[],"price":[],"jnews_override_counter":[],"jnews_post_split":[],"footnotes":""},"categories":[83],"tags":[],"class_list":["post-14167","post","type-post","status-publish","format-standard","has-post-thumbnail","hentry","category-politica"],"jetpack_featured_media_url":"https:\/\/laserenaradio.cl\/web\/wp-content\/uploads\/2025\/04\/homepiaiextractoscrapimg_webpSergioHirane_0.webp","jetpack_sharing_enabled":true,"_links":{"self":[{"href":"https:\/\/laserenaradio.cl\/web\/wp-json\/wp\/v2\/posts\/14167","targetHints":{"allow":["GET"]}}],"collection":[{"href":"https:\/\/laserenaradio.cl\/web\/wp-json\/wp\/v2\/posts"}],"about":[{"href":"https:\/\/laserenaradio.cl\/web\/wp-json\/wp\/v2\/types\/post"}],"author":[{"embeddable":true,"href":"https:\/\/laserenaradio.cl\/web\/wp-json\/wp\/v2\/users\/2"}],"replies":[{"embeddable":true,"href":"https:\/\/laserenaradio.cl\/web\/wp-json\/wp\/v2\/comments?post=14167"}],"version-history":[{"count":1,"href":"https:\/\/laserenaradio.cl\/web\/wp-json\/wp\/v2\/posts\/14167\/revisions"}],"predecessor-version":[{"id":14168,"href":"https:\/\/laserenaradio.cl\/web\/wp-json\/wp\/v2\/posts\/14167\/revisions\/14168"}],"wp:featuredmedia":[{"embeddable":true,"href":"https:\/\/laserenaradio.cl\/web\/wp-json\/wp\/v2\/media\/14166"}],"wp:attachment":[{"href":"https:\/\/laserenaradio.cl\/web\/wp-json\/wp\/v2\/media?parent=14167"}],"wp:term":[{"taxonomy":"category","embeddable":true,"href":"https:\/\/laserenaradio.cl\/web\/wp-json\/wp\/v2\/categories?post=14167"},{"taxonomy":"post_tag","embeddable":true,"href":"https:\/\/laserenaradio.cl\/web\/wp-json\/wp\/v2\/tags?post=14167"}],"curies":[{"name":"wp","href":"https:\/\/api.w.org\/{rel}","templated":true}]}}