{"id":14155,"date":"2025-04-22T10:32:35","date_gmt":"2025-04-22T13:32:35","guid":{"rendered":"https:\/\/laserenaradio.cl\/web\/?p=14155"},"modified":"2025-04-22T10:32:35","modified_gmt":"2025-04-22T13:32:35","slug":"boric-viajara-a-brasil-para-impulsar-integracion-logistica-y-comercial-2","status":"publish","type":"post","link":"https:\/\/laserenaradio.cl\/web\/2025\/04\/22\/boric-viajara-a-brasil-para-impulsar-integracion-logistica-y-comercial-2\/","title":{"rendered":"Boric viajar\u00e1 a Brasil para impulsar integraci\u00f3n log\u00edstica y comercial"},"content":{"rendered":"<p>Los presidentes Gabriel Boric y Luiz In\u00e1cio Lula Da Silva mantienen sus agendas para una visita de Estado en Brasilia.<\/p>\n<p>Ambos l\u00edderes se centrar\u00e1n en potenciar la integraci\u00f3n log\u00edstica y comercial, destacando el avance del Corredor Bioce\u00e1nico Vial. La concreci\u00f3n de esta ruta crucial para unir los oc\u00e9anos Pac\u00edfico y Atl\u00e1ntico ser\u00e1 objeto de conversaciones entre los mandatarios.<\/p>\n<p>Adem\u00e1s, se abordar\u00e1 la guerra comercial entre EE.UU. y China, junto con los aranceles impuestos por Donald Trump y su impacto en Latinoam\u00e9rica. Diversificaci\u00f3n de mercados y el papel destacado de Brasil como destino comercial ser\u00e1n puntos clave en el di\u00e1logo.<\/p>\n<p>No obstante, existen barreras impositivas que se deben superar para incrementar los env\u00edos hacia Brasil. A pesar de estas dificultades, el presidente Boric mantiene su agenda, tal como lo hace su par Lula.<\/p>\n<p>Esta visita surge a ra\u00edz de una invitaci\u00f3n realizada por Lula durante su encuentro con Boric en el Palacio de La Moneda.<\/p>\n<p>Para fortalecer la relaci\u00f3n bilateral, se espera que ambos l\u00edderes aborden temas cruciales. Seg\u00fan una fuente diplom\u00e1tica, se hablar\u00e1 sobre la diversificaci\u00f3n de mercados y los desaf\u00edos econ\u00f3micos actuales.<\/p>\n<p>El canciller Alberto Van Klaveren subray\u00f3 la importancia de unir esfuerzos en tiempos de coyuntura. Por su parte, Rosario Navarro, presidenta de Sofofa, destac\u00f3 la oportunidad para impulsar la diversificaci\u00f3n comercial hacia Brasil.<\/p>\n<p>V\u00edctor Cat\u00e1n, presidente de Fedefruta, resalt\u00f3 la importancia del mercado brasile\u00f1o y las posibilidades de crecimiento, mientras que el gobernador Ricardo D\u00edaz de Antofagasta considera crucial avanzar en proyectos como el Corredor Bioce\u00e1nico Vial para el desarrollo de Chile.<\/p>\n","protected":false},"excerpt":{"rendered":"<p>Los presidentes Gabriel Boric y Luiz In\u00e1cio Lula Da Silva mantienen sus agendas para una visita de Estado en Brasilia. Ambos l\u00edderes se centrar\u00e1n en potenciar la integraci\u00f3n log\u00edstica y comercial, destacando el avance del Corredor Bioce\u00e1nico Vial. La concreci\u00f3n de esta ruta crucial para unir los oc\u00e9anos Pac\u00edfico y Atl\u00e1ntico ser\u00e1 objeto de conversaciones [&hellip;]<\/p>\n","protected":false},"author":2,"featured_media":14151,"comment_status":"closed","ping_status":"open","sticky":false,"template":"","format":"standard","meta":{"_jetpack_memberships_contains_paid_content":false,"jnews-multi-image_gallery":[],"jnews_single_post":[],"jnews_primary_category":[],"jnews_social_meta":[],"jnews_paywall_metabox":[],"jnews_review":[],"enable_review":"","type":"","name":"","summary":"","brand":"","sku":"","good":[],"bad":[],"score_override":"","override_value":"","rating":[],"price":[],"jnews_override_counter":[],"jnews_post_split":[],"footnotes":""},"categories":[83],"tags":[],"class_list":["post-14155","post","type-post","status-publish","format-standard","has-post-thumbnail","hentry","category-politica"],"jetpack_featured_media_url":"https:\/\/laserenaradio.cl\/web\/wp-content\/uploads\/2025\/04\/homepiaiextractoscrapimg_webpBoricBrasil_0.webp","jetpack_sharing_enabled":true,"_links":{"self":[{"href":"https:\/\/laserenaradio.cl\/web\/wp-json\/wp\/v2\/posts\/14155","targetHints":{"allow":["GET"]}}],"collection":[{"href":"https:\/\/laserenaradio.cl\/web\/wp-json\/wp\/v2\/posts"}],"about":[{"href":"https:\/\/laserenaradio.cl\/web\/wp-json\/wp\/v2\/types\/post"}],"author":[{"embeddable":true,"href":"https:\/\/laserenaradio.cl\/web\/wp-json\/wp\/v2\/users\/2"}],"replies":[{"embeddable":true,"href":"https:\/\/laserenaradio.cl\/web\/wp-json\/wp\/v2\/comments?post=14155"}],"version-history":[{"count":1,"href":"https:\/\/laserenaradio.cl\/web\/wp-json\/wp\/v2\/posts\/14155\/revisions"}],"predecessor-version":[{"id":14156,"href":"https:\/\/laserenaradio.cl\/web\/wp-json\/wp\/v2\/posts\/14155\/revisions\/14156"}],"wp:featuredmedia":[{"embeddable":true,"href":"https:\/\/laserenaradio.cl\/web\/wp-json\/wp\/v2\/media\/14151"}],"wp:attachment":[{"href":"https:\/\/laserenaradio.cl\/web\/wp-json\/wp\/v2\/media?parent=14155"}],"wp:term":[{"taxonomy":"category","embeddable":true,"href":"https:\/\/laserenaradio.cl\/web\/wp-json\/wp\/v2\/categories?post=14155"},{"taxonomy":"post_tag","embeddable":true,"href":"https:\/\/laserenaradio.cl\/web\/wp-json\/wp\/v2\/tags?post=14155"}],"curies":[{"name":"wp","href":"https:\/\/api.w.org\/{rel}","templated":true}]}}