{"id":14113,"date":"2025-04-21T17:19:31","date_gmt":"2025-04-21T20:19:31","guid":{"rendered":"https:\/\/laserenaradio.cl\/web\/?p=14113"},"modified":"2025-04-21T17:19:31","modified_gmt":"2025-04-21T20:19:31","slug":"robo-con-violencia-en-vivienda-de-hermana-del-candidato-presidencial-kast","status":"publish","type":"post","link":"https:\/\/laserenaradio.cl\/web\/2025\/04\/21\/robo-con-violencia-en-vivienda-de-hermana-del-candidato-presidencial-kast\/","title":{"rendered":"Robo con violencia en vivienda de hermana del candidato presidencial Kast."},"content":{"rendered":"<p>La hermana del candidato presidencial Jos\u00e9 Antonio Kast, sufri\u00f3 un robo con violencia en su vivienda ubicada en Lo Barnechea. Un individuo result\u00f3 detenido por la polic\u00eda. Seg\u00fan informes policiales, el incidente ocurri\u00f3 en la intersecci\u00f3n de avenida El Huinganal con Camino La Laguna. All\u00ed, la v\u00edctima sorprendi\u00f3 a un desconocido dentro de su casa.<\/p>\n<p>Acto seguido, el delincuente comenz\u00f3 a intimidar a la mujer con un cuchillo, exigiendo que le entregara sus joyas. Luego, lo condujo hasta una caja fuerte; sin embargo, esta no conten\u00eda especies de valor. Una vez en el dormitorio y aprovechando un descuido del asaltante, la mujer logr\u00f3 salir del lugar y pidi\u00f3 auxilio.<\/p>\n<p>A pesar de que el delincuente intent\u00f3 huir, fue capturado por un guardia de seguridad del sector. Finalmente, fue entregado a <a href=\"https:\/\/www.carabineros.cl\/\">Carabineros<\/a>, quedando detenido. Las especies robadas fueron valoradas en $3 millones, entre joyas y dinero en efectivo.<\/p>\n","protected":false},"excerpt":{"rendered":"<p>La hermana del candidato presidencial Jos\u00e9 Antonio Kast, sufri\u00f3 un robo con violencia en su vivienda ubicada en Lo Barnechea. Un individuo result\u00f3 detenido por la polic\u00eda. Seg\u00fan informes policiales, el incidente ocurri\u00f3 en la intersecci\u00f3n de avenida El Huinganal con Camino La Laguna. All\u00ed, la v\u00edctima sorprendi\u00f3 a un desconocido dentro de su casa. [&hellip;]<\/p>\n","protected":false},"author":2,"featured_media":14112,"comment_status":"closed","ping_status":"open","sticky":false,"template":"","format":"standard","meta":{"_jetpack_memberships_contains_paid_content":false,"jnews-multi-image_gallery":[],"jnews_single_post":[],"jnews_primary_category":[],"jnews_social_meta":[],"jnews_paywall_metabox":[],"jnews_review":[],"enable_review":"","type":"","name":"","summary":"","brand":"","sku":"","good":[],"bad":[],"score_override":"","override_value":"","rating":[],"price":[],"jnews_override_counter":[],"jnews_post_split":[],"footnotes":""},"categories":[83],"tags":[],"class_list":["post-14113","post","type-post","status-publish","format-standard","has-post-thumbnail","hentry","category-politica"],"jetpack_featured_media_url":"https:\/\/laserenaradio.cl\/web\/wp-content\/uploads\/2025\/04\/homepiaiextractoscrapimg_webphermanacandidatopresidencialviolencia_0.webp","jetpack_sharing_enabled":true,"_links":{"self":[{"href":"https:\/\/laserenaradio.cl\/web\/wp-json\/wp\/v2\/posts\/14113","targetHints":{"allow":["GET"]}}],"collection":[{"href":"https:\/\/laserenaradio.cl\/web\/wp-json\/wp\/v2\/posts"}],"about":[{"href":"https:\/\/laserenaradio.cl\/web\/wp-json\/wp\/v2\/types\/post"}],"author":[{"embeddable":true,"href":"https:\/\/laserenaradio.cl\/web\/wp-json\/wp\/v2\/users\/2"}],"replies":[{"embeddable":true,"href":"https:\/\/laserenaradio.cl\/web\/wp-json\/wp\/v2\/comments?post=14113"}],"version-history":[{"count":1,"href":"https:\/\/laserenaradio.cl\/web\/wp-json\/wp\/v2\/posts\/14113\/revisions"}],"predecessor-version":[{"id":14114,"href":"https:\/\/laserenaradio.cl\/web\/wp-json\/wp\/v2\/posts\/14113\/revisions\/14114"}],"wp:featuredmedia":[{"embeddable":true,"href":"https:\/\/laserenaradio.cl\/web\/wp-json\/wp\/v2\/media\/14112"}],"wp:attachment":[{"href":"https:\/\/laserenaradio.cl\/web\/wp-json\/wp\/v2\/media?parent=14113"}],"wp:term":[{"taxonomy":"category","embeddable":true,"href":"https:\/\/laserenaradio.cl\/web\/wp-json\/wp\/v2\/categories?post=14113"},{"taxonomy":"post_tag","embeddable":true,"href":"https:\/\/laserenaradio.cl\/web\/wp-json\/wp\/v2\/tags?post=14113"}],"curies":[{"name":"wp","href":"https:\/\/api.w.org\/{rel}","templated":true}]}}