{"id":14098,"date":"2025-04-21T12:51:08","date_gmt":"2025-04-21T15:51:08","guid":{"rendered":"https:\/\/laserenaradio.cl\/web\/?p=14098"},"modified":"2025-04-21T12:51:08","modified_gmt":"2025-04-21T15:51:08","slug":"chile-vamos-no-realizara-primarias-presidenciales","status":"publish","type":"post","link":"https:\/\/laserenaradio.cl\/web\/2025\/04\/21\/chile-vamos-no-realizara-primarias-presidenciales\/","title":{"rendered":"Chile Vamos no realizar\u00e1 primarias presidenciales."},"content":{"rendered":"<p>Chile Vamos (RN, UDI y Ev\u00f3poli) no llevar\u00e1 a cabo primarias para elegir su candidata presidencial, lo que asegura la participaci\u00f3n de Evelyn Matthei en las elecciones. Esta noticia fue confirmada por MegaNoticias y se espera que Matthei ofrezca m\u00e1s detalles sobre esta decisi\u00f3n.<\/p>\n<p>Recordemos que el pasado jueves, Francisco Chahu\u00e1n, senador de Renovaci\u00f3n Nacional, present\u00f3 su renuncia al partido, a ra\u00edz de los rumores sobre una posible primaria en Chile Vamos, la cual finalmente no se realizar\u00e1.<\/p>\n<p>Al principio, los aspirantes a esta instancia inclu\u00edan a Evelyn Matthei, Francisco Chahu\u00e1n, Luciano Cruz-Coke (senador de Ev\u00f3poli), y Rodolfo Carter (exalcalde de La Florida). La decisi\u00f3n de no realizar primarias se habr\u00eda tomado luego que Matthei aceptara el argumento de quienes buscaban una medici\u00f3n, en la cual se argumentaba que no puede estar fuera de las primarias mientras la izquierda elige a su candidato.<\/p>\n<p>Se mencionaba un posible impedimento para Chahu\u00e1n como candidato presidencial debido a la Ley Antid\u00edscolos, una enmienda a la ley Org\u00e1nica Constitucional de Partidos Pol\u00edticos que implica un plazo de renuncia a las colectividades antes de presentar candidaturas independientes.<\/p>\n<p>La decisi\u00f3n de no realizar primarias se produjo durante las conversaciones que Matthei mantuvo con los jefes de partido durante el fin de semana.<\/p>\n","protected":false},"excerpt":{"rendered":"<p>Chile Vamos (RN, UDI y Ev\u00f3poli) no llevar\u00e1 a cabo primarias para elegir su candidata presidencial, lo que asegura la participaci\u00f3n de Evelyn Matthei en las elecciones. Esta noticia fue confirmada por MegaNoticias y se espera que Matthei ofrezca m\u00e1s detalles sobre esta decisi\u00f3n. Recordemos que el pasado jueves, Francisco Chahu\u00e1n, senador de Renovaci\u00f3n Nacional, [&hellip;]<\/p>\n","protected":false},"author":2,"featured_media":14097,"comment_status":"closed","ping_status":"open","sticky":false,"template":"","format":"standard","meta":{"_jetpack_memberships_contains_paid_content":false,"jnews-multi-image_gallery":[],"jnews_single_post":[],"jnews_primary_category":[],"jnews_social_meta":[],"jnews_paywall_metabox":[],"jnews_review":[],"enable_review":"","type":"","name":"","summary":"","brand":"","sku":"","good":[],"bad":[],"score_override":"","override_value":"","rating":[],"price":[],"jnews_override_counter":[],"jnews_post_split":[],"footnotes":""},"categories":[83],"tags":[],"class_list":["post-14098","post","type-post","status-publish","format-standard","has-post-thumbnail","hentry","category-politica"],"jetpack_featured_media_url":"https:\/\/laserenaradio.cl\/web\/wp-content\/uploads\/2025\/04\/homepiaiextractoscrapimg_predeterminadalaserenaradio_politica-1.webp","jetpack_sharing_enabled":true,"_links":{"self":[{"href":"https:\/\/laserenaradio.cl\/web\/wp-json\/wp\/v2\/posts\/14098","targetHints":{"allow":["GET"]}}],"collection":[{"href":"https:\/\/laserenaradio.cl\/web\/wp-json\/wp\/v2\/posts"}],"about":[{"href":"https:\/\/laserenaradio.cl\/web\/wp-json\/wp\/v2\/types\/post"}],"author":[{"embeddable":true,"href":"https:\/\/laserenaradio.cl\/web\/wp-json\/wp\/v2\/users\/2"}],"replies":[{"embeddable":true,"href":"https:\/\/laserenaradio.cl\/web\/wp-json\/wp\/v2\/comments?post=14098"}],"version-history":[{"count":1,"href":"https:\/\/laserenaradio.cl\/web\/wp-json\/wp\/v2\/posts\/14098\/revisions"}],"predecessor-version":[{"id":14099,"href":"https:\/\/laserenaradio.cl\/web\/wp-json\/wp\/v2\/posts\/14098\/revisions\/14099"}],"wp:featuredmedia":[{"embeddable":true,"href":"https:\/\/laserenaradio.cl\/web\/wp-json\/wp\/v2\/media\/14097"}],"wp:attachment":[{"href":"https:\/\/laserenaradio.cl\/web\/wp-json\/wp\/v2\/media?parent=14098"}],"wp:term":[{"taxonomy":"category","embeddable":true,"href":"https:\/\/laserenaradio.cl\/web\/wp-json\/wp\/v2\/categories?post=14098"},{"taxonomy":"post_tag","embeddable":true,"href":"https:\/\/laserenaradio.cl\/web\/wp-json\/wp\/v2\/tags?post=14098"}],"curies":[{"name":"wp","href":"https:\/\/api.w.org\/{rel}","templated":true}]}}