{"id":14077,"date":"2025-04-20T23:22:57","date_gmt":"2025-04-21T02:22:57","guid":{"rendered":"https:\/\/laserenaradio.cl\/web\/?p=14077"},"modified":"2025-04-20T23:22:57","modified_gmt":"2025-04-21T02:22:57","slug":"matthei-bajo-tres-puntos-en-las-encuestas-presidenciales-de-chile","status":"publish","type":"post","link":"https:\/\/laserenaradio.cl\/web\/2025\/04\/20\/matthei-bajo-tres-puntos-en-las-encuestas-presidenciales-de-chile\/","title":{"rendered":"Matthei baj\u00f3 tres puntos en las encuestas presidenciales de Chile."},"content":{"rendered":"<p>La candidata presidencial Evelyn Matthei descendi\u00f3 tres puntos en las menciones espont\u00e1neas para pr\u00f3ximo presidente, seg\u00fan la \u00faltima encuesta Plaza P\u00fablica de Cadem. Por otro lado, Gabriel Boric gan\u00f3 cinco puntos y recuper\u00f3 terreno luego de una ca\u00edda anterior.<\/p>\n<p>Aplicada entre el mi\u00e9rcoles y viernes, esta medici\u00f3n consult\u00f3 a 701 personas en un 9,7% de respuestas sobre 7.234 llamadas telef\u00f3nicas.<\/p>\n<p>La baja para Chile Vamos fue notable: Matthei cay\u00f3 hasta el 17% en menciones espont\u00e1neas, mientras Jos\u00e9 Antonio Kast quedaba en 13%, y Johannes Kaiser en 12%. Carolina Toh\u00e1 del PPD subi\u00f3 dos puntos a un 6%, igualando a la candidata comunista Jeannette Jara, que avanz\u00f3 un punto.<\/p>\n<p>En escenarios de segunda vuelta, Matthei mantendr\u00eda su liderazgo si la candidata oficialista fuera Carolina Toh\u00e1 o Jeannette Jara. Sin embargo, Gonzalo Winter del frenteamplista tambi\u00e9n podr\u00eda llegar a la final en ciertos escenarios, con una participaci\u00f3n de 10%.<\/p>\n<p>Gabriel Boric present\u00f3 una notable mejora: su aprobaci\u00f3n subi\u00f3 al 32%, mientras que su desaprobaci\u00f3n baj\u00f3 al 63%.<\/p>\n<p>Cadem tambi\u00e9n investig\u00f3 los incidentes en el Estadio Monumental, donde dos personas perdieron la vida. El 52% consider\u00f3 que se trataba de la noticia m\u00e1s importante de la semana y el 72% atribuy\u00f3 responsabilidad a la ANFP, clubes y Gobierno para prevenir violencia en estadios deportivos.<\/p>\n","protected":false},"excerpt":{"rendered":"<p>La candidata presidencial Evelyn Matthei descendi\u00f3 tres puntos en las menciones espont\u00e1neas para pr\u00f3ximo presidente, seg\u00fan la \u00faltima encuesta Plaza P\u00fablica de Cadem. Por otro lado, Gabriel Boric gan\u00f3 cinco puntos y recuper\u00f3 terreno luego de una ca\u00edda anterior. Aplicada entre el mi\u00e9rcoles y viernes, esta medici\u00f3n consult\u00f3 a 701 personas en un 9,7% de [&hellip;]<\/p>\n","protected":false},"author":2,"featured_media":14076,"comment_status":"closed","ping_status":"open","sticky":false,"template":"","format":"standard","meta":{"_jetpack_memberships_contains_paid_content":false,"jnews-multi-image_gallery":[],"jnews_single_post":[],"jnews_primary_category":[],"jnews_social_meta":[],"jnews_paywall_metabox":[],"jnews_review":[],"enable_review":"","type":"","name":"","summary":"","brand":"","sku":"","good":[],"bad":[],"score_override":"","override_value":"","rating":[],"price":[],"jnews_override_counter":[],"jnews_post_split":[],"footnotes":""},"categories":[83],"tags":[],"class_list":["post-14077","post","type-post","status-publish","format-standard","has-post-thumbnail","hentry","category-politica"],"jetpack_featured_media_url":"https:\/\/laserenaradio.cl\/web\/wp-content\/uploads\/2025\/04\/homepiaiextractoscrapimg_webppuntosMattheicandidatapresidencial_1.webp","jetpack_sharing_enabled":true,"_links":{"self":[{"href":"https:\/\/laserenaradio.cl\/web\/wp-json\/wp\/v2\/posts\/14077","targetHints":{"allow":["GET"]}}],"collection":[{"href":"https:\/\/laserenaradio.cl\/web\/wp-json\/wp\/v2\/posts"}],"about":[{"href":"https:\/\/laserenaradio.cl\/web\/wp-json\/wp\/v2\/types\/post"}],"author":[{"embeddable":true,"href":"https:\/\/laserenaradio.cl\/web\/wp-json\/wp\/v2\/users\/2"}],"replies":[{"embeddable":true,"href":"https:\/\/laserenaradio.cl\/web\/wp-json\/wp\/v2\/comments?post=14077"}],"version-history":[{"count":1,"href":"https:\/\/laserenaradio.cl\/web\/wp-json\/wp\/v2\/posts\/14077\/revisions"}],"predecessor-version":[{"id":14078,"href":"https:\/\/laserenaradio.cl\/web\/wp-json\/wp\/v2\/posts\/14077\/revisions\/14078"}],"wp:featuredmedia":[{"embeddable":true,"href":"https:\/\/laserenaradio.cl\/web\/wp-json\/wp\/v2\/media\/14076"}],"wp:attachment":[{"href":"https:\/\/laserenaradio.cl\/web\/wp-json\/wp\/v2\/media?parent=14077"}],"wp:term":[{"taxonomy":"category","embeddable":true,"href":"https:\/\/laserenaradio.cl\/web\/wp-json\/wp\/v2\/categories?post=14077"},{"taxonomy":"post_tag","embeddable":true,"href":"https:\/\/laserenaradio.cl\/web\/wp-json\/wp\/v2\/tags?post=14077"}],"curies":[{"name":"wp","href":"https:\/\/api.w.org\/{rel}","templated":true}]}}