{"id":14074,"date":"2025-04-20T22:18:34","date_gmt":"2025-04-21T01:18:34","guid":{"rendered":"https:\/\/laserenaradio.cl\/web\/?p=14074"},"modified":"2025-04-20T22:18:34","modified_gmt":"2025-04-21T01:18:34","slug":"competencia-intensa-por-cupos-senatoriales-en-valparaiso","status":"publish","type":"post","link":"https:\/\/laserenaradio.cl\/web\/2025\/04\/20\/competencia-intensa-por-cupos-senatoriales-en-valparaiso\/","title":{"rendered":"Competencia intensa por cupos senatoriales en Valpara\u00edso"},"content":{"rendered":"<p>La carrera senatorial en la regi\u00f3n de Valpara\u00edso se ha intensificado dentro del oficialismo, y ya son m\u00e1s de cinco las figuras pol\u00edticas del sector que buscar\u00e1n un cupo. Karol Cariola, Carolina Marz\u00e1n, Diego Ib\u00e1\u00f1ez y Jorge Sharp son algunos de los nombres que suenan como eventuales candidatos, adem\u00e1s del actual senador del Frente Amplio, Juan Ignacio Latorre. Valpara\u00edso se ha convertido en una de las circunscripciones m\u00e1s codiciadas para las pr\u00f3ximas elecciones, ya que tres de los cinco senadores de la regi\u00f3n no podr\u00e1n postular nuevamente.<\/p>\n<p>En el oficialismo, tanto el Partido Socialista (PS), como el Partido por la Democracia (PPD) y el Frente Amplio (FA) buscar\u00e1n mantener sus cupos en la zona. Adem\u00e1s, Juan Ignacio Latorre tambi\u00e9n ha expresado su inter\u00e9s en ir a la reelecci\u00f3n. El actual senador hizo \u00e9nfasis en que Valpara\u00edso \u201ces una de las regiones con mayor representaci\u00f3n pol\u00edtica\u201d para el Frente Amplio.<\/p>\n<p>Un nombre que podr\u00eda significar una amenaza para las candidaturas del Frente Amplio es el del exalcalde de Valpara\u00edso, Jorge Sharp, que tambi\u00e9n buscar\u00e1 un cupo en el Senado, con el respaldo de la Federaci\u00f3n Regionalista Verde Social (FRVS). Por el PPD, en tanto, la diputada Carolina Marz\u00e1n podr\u00eda competir por el cupo que dejar\u00e1 el senador del mismo partido, Ricardo Lagos Weber, que no podr\u00e1 ir a la reelecci\u00f3n.<\/p>\n<p>En tanto, en el PS se estar\u00eda evaluando postular al diputado Tom\u00e1s de Rementer\u00eda, quien llegar\u00e1 al Senado en reemplazo de Isabel Allende. El parlamentario indic\u00f3 que, por ahora, no descarta ning\u00fan escenario. En caso de postular al Senado, De Rementer\u00eda deber\u00e1 enfrentar a su pareja, la diputada Karol Cariola, quien tambi\u00e9n pretende disputar la circunscripci\u00f3n en representaci\u00f3n del Partido Comunista.<\/p>\n","protected":false},"excerpt":{"rendered":"<p>La carrera senatorial en la regi\u00f3n de Valpara\u00edso se ha intensificado dentro del oficialismo, y ya son m\u00e1s de cinco las figuras pol\u00edticas del sector que buscar\u00e1n un cupo. Karol Cariola, Carolina Marz\u00e1n, Diego Ib\u00e1\u00f1ez y Jorge Sharp son algunos de los nombres que suenan como eventuales candidatos, adem\u00e1s del actual senador del Frente Amplio, [&hellip;]<\/p>\n","protected":false},"author":2,"featured_media":14073,"comment_status":"closed","ping_status":"open","sticky":false,"template":"","format":"standard","meta":{"_jetpack_memberships_contains_paid_content":false,"jnews-multi-image_gallery":[],"jnews_single_post":[],"jnews_primary_category":[],"jnews_social_meta":[],"jnews_paywall_metabox":[],"jnews_review":[],"enable_review":"","type":"","name":"","summary":"","brand":"","sku":"","good":[],"bad":[],"score_override":"","override_value":"","rating":[],"price":[],"jnews_override_counter":[],"jnews_post_split":[],"footnotes":""},"categories":[83],"tags":[],"class_list":["post-14074","post","type-post","status-publish","format-standard","has-post-thumbnail","hentry","category-politica"],"jetpack_featured_media_url":"https:\/\/laserenaradio.cl\/web\/wp-content\/uploads\/2025\/04\/homepiaiextractoscrapimg_webpFrenteAmpliocuposenadorpostular_1.webp","jetpack_sharing_enabled":true,"_links":{"self":[{"href":"https:\/\/laserenaradio.cl\/web\/wp-json\/wp\/v2\/posts\/14074","targetHints":{"allow":["GET"]}}],"collection":[{"href":"https:\/\/laserenaradio.cl\/web\/wp-json\/wp\/v2\/posts"}],"about":[{"href":"https:\/\/laserenaradio.cl\/web\/wp-json\/wp\/v2\/types\/post"}],"author":[{"embeddable":true,"href":"https:\/\/laserenaradio.cl\/web\/wp-json\/wp\/v2\/users\/2"}],"replies":[{"embeddable":true,"href":"https:\/\/laserenaradio.cl\/web\/wp-json\/wp\/v2\/comments?post=14074"}],"version-history":[{"count":1,"href":"https:\/\/laserenaradio.cl\/web\/wp-json\/wp\/v2\/posts\/14074\/revisions"}],"predecessor-version":[{"id":14075,"href":"https:\/\/laserenaradio.cl\/web\/wp-json\/wp\/v2\/posts\/14074\/revisions\/14075"}],"wp:featuredmedia":[{"embeddable":true,"href":"https:\/\/laserenaradio.cl\/web\/wp-json\/wp\/v2\/media\/14073"}],"wp:attachment":[{"href":"https:\/\/laserenaradio.cl\/web\/wp-json\/wp\/v2\/media?parent=14074"}],"wp:term":[{"taxonomy":"category","embeddable":true,"href":"https:\/\/laserenaradio.cl\/web\/wp-json\/wp\/v2\/categories?post=14074"},{"taxonomy":"post_tag","embeddable":true,"href":"https:\/\/laserenaradio.cl\/web\/wp-json\/wp\/v2\/tags?post=14074"}],"curies":[{"name":"wp","href":"https:\/\/api.w.org\/{rel}","templated":true}]}}