{"id":14071,"date":"2025-04-20T22:17:06","date_gmt":"2025-04-21T01:17:06","guid":{"rendered":"https:\/\/laserenaradio.cl\/web\/?p=14071"},"modified":"2025-04-20T22:17:06","modified_gmt":"2025-04-21T01:17:06","slug":"juan-carlos-pollo-valdivia-se-postula-como-diputado-por-la-dc","status":"publish","type":"post","link":"https:\/\/laserenaradio.cl\/web\/2025\/04\/20\/juan-carlos-pollo-valdivia-se-postula-como-diputado-por-la-dc\/","title":{"rendered":"Juan Carlos &#8216;Pollo&#8217; Valdivia se postula como diputado por la DC"},"content":{"rendered":"<p>En las pr\u00f3ximas elecciones parlamentarias, 8 comunas de la regi\u00f3n Metropolitana podr\u00edan contar con un rostro televisivo en sus papeletas para diputados. Se trata de Juan Carlos \u2018Pollo\u2019 Valdivia, quien confirm\u00f3 a Revisa S\u00e1bado su intenci\u00f3n de postularse como candidato a diputado por el distrito 8.<\/p>\n<p>El animador de \u201cPollo en Conserva\u201d explic\u00f3 que buscar\u00e1 llegar al Congreso mediante un cupo de la Democracia Cristiana (DC), partido que dej\u00f3 Alberto Undurraga. Su plataforma pol\u00edtica se centra en la b\u00fasqueda de acuerdos y la uni\u00f3n de voluntades, promoviendo una diversidad vista como virtud.<\/p>\n<p>En conversaci\u00f3n con el medio, Valdivia expres\u00f3 su pensamiento pol\u00edtico: &#8220;Tengo ideas de izquierda, pero tambi\u00e9n de derecha en t\u00e9rminos econ\u00f3micos. \u00bfPor qu\u00e9 hay que clasificarse de tal lado o tal otro? Si la idea es buena, no me importa de d\u00f3nde venga&#8221;. <\/p>\n<p>La decisi\u00f3n de candidatearse surgi\u00f3 en 2022, cuando su esposa, Claudia Conserva, fue diagnosticada con c\u00e1ncer de mama. A pesar de contar con un seguro para enfrentar el tratamiento, pensaron en los casos de personas que no tienen esa cobertura y proponieron un proyecto de ley para la obligatoriedad de seguros de vida.<\/p>\n<p>En su programa \u201cToc Show\u201d, profundiz\u00f3 sobre esta idea, se\u00f1alando la necesidad de que la obligatoriedad &#8220;deber\u00eda correr por cuenta del empleador&#8221; y el hecho de que hay ex\u00e1menes prohibitivos que pueden salvar vidas. En ese contexto, decidi\u00f3: &#8220;Hay que ir para all\u00e1. Hay que entrar -refiri\u00e9ndose al Congreso&#8221;.<\/p>\n<p>Respecto a la elecci\u00f3n de la DC, Valdivia coment\u00f3: &#8220;No hab\u00eda otro cupo y no me gusta hacer pol\u00edtica ficci\u00f3n&#8221;. Sin embargo, asegur\u00f3 su independencia y expres\u00f3 inter\u00e9s en fortalecer el centro pol\u00edtico, a pesar de las dudas sobre si eso es la DC. <\/p>\n<p>Finalmente, agreg\u00f3: &#8220;Si algo nos est\u00e1 estancando es que todo es extremo, y el mundo es un poco reflejo de eso. Pero la sensatez est\u00e1 en el centro. La demostraci\u00f3n es que, con el voto obligatorio, en Chile se rechazaron ambas propuestas constitucionales. Yo rechac\u00e9 las dos. Ese voto obligatorio convoc\u00f3 a mucha gente que no es vociferante, no tiene representante, no sale a las calles, pero es la que decide&#8221;.<\/p>\n","protected":false},"excerpt":{"rendered":"<p>En las pr\u00f3ximas elecciones parlamentarias, 8 comunas de la regi\u00f3n Metropolitana podr\u00edan contar con un rostro televisivo en sus papeletas para diputados. Se trata de Juan Carlos \u2018Pollo\u2019 Valdivia, quien confirm\u00f3 a Revisa S\u00e1bado su intenci\u00f3n de postularse como candidato a diputado por el distrito 8. El animador de \u201cPollo en Conserva\u201d explic\u00f3 que buscar\u00e1 [&hellip;]<\/p>\n","protected":false},"author":2,"featured_media":14070,"comment_status":"closed","ping_status":"open","sticky":false,"template":"","format":"standard","meta":{"_jetpack_memberships_contains_paid_content":false,"jnews-multi-image_gallery":[],"jnews_single_post":[],"jnews_primary_category":[],"jnews_social_meta":[],"jnews_paywall_metabox":[],"jnews_review":[],"enable_review":"","type":"","name":"","summary":"","brand":"","sku":"","good":[],"bad":[],"score_override":"","override_value":"","rating":[],"price":[],"jnews_override_counter":[],"jnews_post_split":[],"footnotes":""},"categories":[83],"tags":[],"class_list":["post-14071","post","type-post","status-publish","format-standard","has-post-thumbnail","hentry","category-politica"],"jetpack_featured_media_url":"https:\/\/laserenaradio.cl\/web\/wp-content\/uploads\/2025\/04\/homepiaiextractoscrapimg_webpValdiviaPollocontarJuanCarlos_1.webp","jetpack_sharing_enabled":true,"_links":{"self":[{"href":"https:\/\/laserenaradio.cl\/web\/wp-json\/wp\/v2\/posts\/14071","targetHints":{"allow":["GET"]}}],"collection":[{"href":"https:\/\/laserenaradio.cl\/web\/wp-json\/wp\/v2\/posts"}],"about":[{"href":"https:\/\/laserenaradio.cl\/web\/wp-json\/wp\/v2\/types\/post"}],"author":[{"embeddable":true,"href":"https:\/\/laserenaradio.cl\/web\/wp-json\/wp\/v2\/users\/2"}],"replies":[{"embeddable":true,"href":"https:\/\/laserenaradio.cl\/web\/wp-json\/wp\/v2\/comments?post=14071"}],"version-history":[{"count":1,"href":"https:\/\/laserenaradio.cl\/web\/wp-json\/wp\/v2\/posts\/14071\/revisions"}],"predecessor-version":[{"id":14072,"href":"https:\/\/laserenaradio.cl\/web\/wp-json\/wp\/v2\/posts\/14071\/revisions\/14072"}],"wp:featuredmedia":[{"embeddable":true,"href":"https:\/\/laserenaradio.cl\/web\/wp-json\/wp\/v2\/media\/14070"}],"wp:attachment":[{"href":"https:\/\/laserenaradio.cl\/web\/wp-json\/wp\/v2\/media?parent=14071"}],"wp:term":[{"taxonomy":"category","embeddable":true,"href":"https:\/\/laserenaradio.cl\/web\/wp-json\/wp\/v2\/categories?post=14071"},{"taxonomy":"post_tag","embeddable":true,"href":"https:\/\/laserenaradio.cl\/web\/wp-json\/wp\/v2\/tags?post=14071"}],"curies":[{"name":"wp","href":"https:\/\/api.w.org\/{rel}","templated":true}]}}