{"id":14053,"date":"2025-04-20T17:50:53","date_gmt":"2025-04-20T20:50:53","guid":{"rendered":"https:\/\/laserenaradio.cl\/web\/?p=14053"},"modified":"2025-04-20T17:50:53","modified_gmt":"2025-04-20T20:50:53","slug":"encuesta-agenda-criteria-matthei-lidera-las-preferencias-presidenciales","status":"publish","type":"post","link":"https:\/\/laserenaradio.cl\/web\/2025\/04\/20\/encuesta-agenda-criteria-matthei-lidera-las-preferencias-presidenciales\/","title":{"rendered":"Encuesta Agenda Criteria: Matthei lidera las preferencias presidenciales"},"content":{"rendered":"<p>La encuesta Agenda Criteria revel\u00f3 los resultados de su segunda medici\u00f3n de abril 2025, donde Evelyn Matthei (UDI) mantiene su liderazgo en las preferencias presidenciales. En la pregunta espont\u00e1nea sobre qui\u00e9n ser\u00eda el pr\u00f3ximo presidente, Matthei obtuvo un 25%, seguida por Jos\u00e9 Antonio Kast (Republicano) con 17% y Johannes Kaiser (PNL) con 11%.<\/p>\n<p>Mientras tanto, Gabriel Boric experiment\u00f3 una ca\u00edda en su aprobaci\u00f3n al alcanzar su punto m\u00e1s bajo desde que asumi\u00f3 el cargo. En los escenarios evaluados, Matthei se mantuvo en la cima con entre un 25% y 26% de preferencias. Kast seguido por un 17% a 19%, mientras que Johannes Kaiser ocupaba el tercer lugar con cifras entre el 12% y el 15%.<\/p>\n<p>Tambi\u00e9n destacaron Carolina Toh\u00e1 (PPD) con 15%, Jeannette Jara (PC) con 13% y Gonzalo Winter (FA) con 11%. Michelle Bachelet, a pesar de no participar en la carrera presidencial, recibi\u00f3 menciones espont\u00e1neas del 5%.<\/p>\n<p>En cuanto a la aprobaci\u00f3n del presidente Boric, disminuy\u00f3 tres puntos porcentuales para llegar al 26%, su nivel m\u00e1s bajo. La desaprobaci\u00f3n aument\u00f3 hasta el 62%. <\/p>\n<p>La evaluaci\u00f3n de la gesti\u00f3n gubernamental mostr\u00f3 cifras negativas, con un 26% de aprobaci\u00f3n y un 66% de desaprobaci\u00f3n.<\/p>\n<p>Esta encuesta fue realizada entre el 14 y 16 de abril, mediante encuestas online a 1.016 personas mayores de 18 a\u00f1os residentes en todo Chile.<\/p>\n","protected":false},"excerpt":{"rendered":"<p>La encuesta Agenda Criteria revel\u00f3 los resultados de su segunda medici\u00f3n de abril 2025, donde Evelyn Matthei (UDI) mantiene su liderazgo en las preferencias presidenciales. En la pregunta espont\u00e1nea sobre qui\u00e9n ser\u00eda el pr\u00f3ximo presidente, Matthei obtuvo un 25%, seguida por Jos\u00e9 Antonio Kast (Republicano) con 17% y Johannes Kaiser (PNL) con 11%. Mientras tanto, [&hellip;]<\/p>\n","protected":false},"author":2,"featured_media":14052,"comment_status":"closed","ping_status":"open","sticky":false,"template":"","format":"standard","meta":{"_jetpack_memberships_contains_paid_content":false,"jnews-multi-image_gallery":[],"jnews_single_post":[],"jnews_primary_category":[],"jnews_social_meta":[],"jnews_paywall_metabox":[],"jnews_review":[],"enable_review":"","type":"","name":"","summary":"","brand":"","sku":"","good":[],"bad":[],"score_override":"","override_value":"","rating":[],"price":[],"jnews_override_counter":[],"jnews_post_split":[],"footnotes":""},"categories":[83],"tags":[],"class_list":["post-14053","post","type-post","status-publish","format-standard","has-post-thumbnail","hentry","category-politica"],"jetpack_featured_media_url":"https:\/\/laserenaradio.cl\/web\/wp-content\/uploads\/2025\/04\/homepiaiextractoscrapimg_webppreferenciasMattheiencuestaabril_0.webp","jetpack_sharing_enabled":true,"_links":{"self":[{"href":"https:\/\/laserenaradio.cl\/web\/wp-json\/wp\/v2\/posts\/14053","targetHints":{"allow":["GET"]}}],"collection":[{"href":"https:\/\/laserenaradio.cl\/web\/wp-json\/wp\/v2\/posts"}],"about":[{"href":"https:\/\/laserenaradio.cl\/web\/wp-json\/wp\/v2\/types\/post"}],"author":[{"embeddable":true,"href":"https:\/\/laserenaradio.cl\/web\/wp-json\/wp\/v2\/users\/2"}],"replies":[{"embeddable":true,"href":"https:\/\/laserenaradio.cl\/web\/wp-json\/wp\/v2\/comments?post=14053"}],"version-history":[{"count":1,"href":"https:\/\/laserenaradio.cl\/web\/wp-json\/wp\/v2\/posts\/14053\/revisions"}],"predecessor-version":[{"id":14054,"href":"https:\/\/laserenaradio.cl\/web\/wp-json\/wp\/v2\/posts\/14053\/revisions\/14054"}],"wp:featuredmedia":[{"embeddable":true,"href":"https:\/\/laserenaradio.cl\/web\/wp-json\/wp\/v2\/media\/14052"}],"wp:attachment":[{"href":"https:\/\/laserenaradio.cl\/web\/wp-json\/wp\/v2\/media?parent=14053"}],"wp:term":[{"taxonomy":"category","embeddable":true,"href":"https:\/\/laserenaradio.cl\/web\/wp-json\/wp\/v2\/categories?post=14053"},{"taxonomy":"post_tag","embeddable":true,"href":"https:\/\/laserenaradio.cl\/web\/wp-json\/wp\/v2\/tags?post=14053"}],"curies":[{"name":"wp","href":"https:\/\/api.w.org\/{rel}","templated":true}]}}