{"id":14044,"date":"2025-04-20T14:06:22","date_gmt":"2025-04-20T17:06:22","guid":{"rendered":"https:\/\/laserenaradio.cl\/web\/?p=14044"},"modified":"2025-04-20T14:06:22","modified_gmt":"2025-04-20T17:06:22","slug":"economistas-apoyan-a-carolina-toha-como-opcion-presidencial","status":"publish","type":"post","link":"https:\/\/laserenaradio.cl\/web\/2025\/04\/20\/economistas-apoyan-a-carolina-toha-como-opcion-presidencial\/","title":{"rendered":"Economistas apoyan a Carolina Toh\u00e1 como opci\u00f3n presidencial"},"content":{"rendered":"<p>Un grupo de 31 economistas influyentes respald\u00f3 la candidatura presidencial de Carolina Toh\u00e1 (PPD). Entre ellos figuran varios exministros de Hacienda y Econom\u00eda, as\u00ed como exautoridades del Banco Central. <\/p>\n<p>Andr\u00e9s Velasco, ministro de Hacienda durante el primer gobierno de Michelle Bachelet (2006-2010), y Nicol\u00e1s Eyzaguirre, que ocup\u00f3 la cartera en dos ocasiones: desde 2000 hasta 2006 y al final del segundo mandato de Bachelet entre agosto 2017 y marzo 2018, son destacados representantes.<\/p>\n<p>Ricardo Zahler, quien presidi\u00f3 el Banco Central entre 1991 y 1996, junto con Pablo Garc\u00eda, exconsejero y vicepresidente del ente emisor, y Jorge Marshall, tambi\u00e9n exvicepresidente y ministro de Econom\u00eda de Aylwin, conforman parte del grupo.<\/p>\n<p>Eduardo Bitran, exvicepresidente ejecutivo de Corfo; Eduardo Engel, expresidente del Consejo Asesor Presidencial contra la Corrupci\u00f3n; Mar\u00eda Olivia Recart, exsubsecretaria de Hacienda, y Bernardita Escobar, expresidenta del Sistema de Empresas P\u00fablicas, completan el listado.<\/p>\n","protected":false},"excerpt":{"rendered":"<p>Un grupo de 31 economistas influyentes respald\u00f3 la candidatura presidencial de Carolina Toh\u00e1 (PPD). Entre ellos figuran varios exministros de Hacienda y Econom\u00eda, as\u00ed como exautoridades del Banco Central. Andr\u00e9s Velasco, ministro de Hacienda durante el primer gobierno de Michelle Bachelet (2006-2010), y Nicol\u00e1s Eyzaguirre, que ocup\u00f3 la cartera en dos ocasiones: desde 2000 hasta [&hellip;]<\/p>\n","protected":false},"author":2,"featured_media":14043,"comment_status":"closed","ping_status":"open","sticky":false,"template":"","format":"standard","meta":{"_jetpack_memberships_contains_paid_content":false,"jnews-multi-image_gallery":[],"jnews_single_post":[],"jnews_primary_category":[],"jnews_social_meta":[],"jnews_paywall_metabox":[],"jnews_review":[],"enable_review":"","type":"","name":"","summary":"","brand":"","sku":"","good":[],"bad":[],"score_override":"","override_value":"","rating":[],"price":[],"jnews_override_counter":[],"jnews_post_split":[],"footnotes":""},"categories":[83],"tags":[],"class_list":["post-14044","post","type-post","status-publish","format-standard","has-post-thumbnail","hentry","category-politica"],"jetpack_featured_media_url":"https:\/\/laserenaradio.cl\/web\/wp-content\/uploads\/2025\/04\/homepiaiextractoscrapimg_predeterminadalaserenaradio_politica.webp","jetpack_sharing_enabled":true,"_links":{"self":[{"href":"https:\/\/laserenaradio.cl\/web\/wp-json\/wp\/v2\/posts\/14044","targetHints":{"allow":["GET"]}}],"collection":[{"href":"https:\/\/laserenaradio.cl\/web\/wp-json\/wp\/v2\/posts"}],"about":[{"href":"https:\/\/laserenaradio.cl\/web\/wp-json\/wp\/v2\/types\/post"}],"author":[{"embeddable":true,"href":"https:\/\/laserenaradio.cl\/web\/wp-json\/wp\/v2\/users\/2"}],"replies":[{"embeddable":true,"href":"https:\/\/laserenaradio.cl\/web\/wp-json\/wp\/v2\/comments?post=14044"}],"version-history":[{"count":1,"href":"https:\/\/laserenaradio.cl\/web\/wp-json\/wp\/v2\/posts\/14044\/revisions"}],"predecessor-version":[{"id":14045,"href":"https:\/\/laserenaradio.cl\/web\/wp-json\/wp\/v2\/posts\/14044\/revisions\/14045"}],"wp:featuredmedia":[{"embeddable":true,"href":"https:\/\/laserenaradio.cl\/web\/wp-json\/wp\/v2\/media\/14043"}],"wp:attachment":[{"href":"https:\/\/laserenaradio.cl\/web\/wp-json\/wp\/v2\/media?parent=14044"}],"wp:term":[{"taxonomy":"category","embeddable":true,"href":"https:\/\/laserenaradio.cl\/web\/wp-json\/wp\/v2\/categories?post=14044"},{"taxonomy":"post_tag","embeddable":true,"href":"https:\/\/laserenaradio.cl\/web\/wp-json\/wp\/v2\/tags?post=14044"}],"curies":[{"name":"wp","href":"https:\/\/api.w.org\/{rel}","templated":true}]}}