{"id":14031,"date":"2025-04-19T21:09:52","date_gmt":"2025-04-20T00:09:52","guid":{"rendered":"https:\/\/laserenaradio.cl\/web\/?p=14031"},"modified":"2025-04-19T21:09:52","modified_gmt":"2025-04-20T00:09:52","slug":"gazitua-recibio-homenaje-de-gobernador-de-brasil-por-su-gestion-como-presidente-de-empresas-cmpc","status":"publish","type":"post","link":"https:\/\/laserenaradio.cl\/web\/2025\/04\/19\/gazitua-recibio-homenaje-de-gobernador-de-brasil-por-su-gestion-como-presidente-de-empresas-cmpc\/","title":{"rendered":"Gazit\u00faa recibi\u00f3 homenaje de Gobernador de Brasil por su gesti\u00f3n como presidente de Empresas CMPC."},"content":{"rendered":"<p>Luis Felipe Gazit\u00faa dejar\u00e1 la Presidencia de Empresas CMPC tras nueve a\u00f1os de gesti\u00f3n. En el marco de la Junta de Accionistas, ser\u00e1 reemplazado por Bernardo Larra\u00edn, devolviendo la direcci\u00f3n a una figura familiar, la familia Matte.<\/p>\n<p>En su \u00faltimo viaje como presidente, Gazit\u00faa particip\u00f3 en el &#8220;Comit\u00e9 Guaiba&#8221;, la reuni\u00f3n mensual donde los ejecutivos de CMPC se mantienen informados sobre la operaci\u00f3n de la f\u00e1brica de celulosa en Gua\u00edba, una de las cuatro plantas que CMPC tiene para fabricar pulpa, con una capacidad anual cercana a 2.4 millones de toneladas.<\/p>\n<p>Despu\u00e9s de dicha reuni\u00f3n, los trabajadores de la planta rindieron homenaje a Gazit\u00faa y pronunciaron sentidos discursos de despedida. En la tarde, Gazit\u00faa y un grupo de ejecutivos llegaron al palacio de gobierno de Riogrande del Sur en Porto Alegre para una recepci\u00f3n con el gobernador Eduardo Leite.<\/p>\n<p>Leite agradeci\u00f3 el rol jugado por CMPC durante la gesti\u00f3n de Gazit\u00faa, destacando el crecimiento de la planta Guaiba y el futuro proyecto Natureza, con una inversi\u00f3n total superior a US$ 4.500 millones, el mayor de la historia en la zona. En un afectuoso discurso, Leite le entreg\u00f3 la condecoraci\u00f3n &#8220;Vizconde de Mau\u00e1&#8221;, la m\u00e1s relevante otorgada por el gobierno local para reconocer el importante desarrollo impulsado por Gazit\u00faa.<\/p>\n<p>Este es el primer homenaje que Eduardo Leite realiza como gobernador y el primer extranjero en recibirlo. En administraciones anteriores, empresarios brasile\u00f1os de renombre recibieron este reconocimiento. El homenaje est\u00e1 inspirado en Irineu Evangelista de Sousa, quien jug\u00f3 un papel crucial en la industrializaci\u00f3n del sur de Brasil durante el siglo XIX.<\/p>\n","protected":false},"excerpt":{"rendered":"<p>Luis Felipe Gazit\u00faa dejar\u00e1 la Presidencia de Empresas CMPC tras nueve a\u00f1os de gesti\u00f3n. En el marco de la Junta de Accionistas, ser\u00e1 reemplazado por Bernardo Larra\u00edn, devolviendo la direcci\u00f3n a una figura familiar, la familia Matte. En su \u00faltimo viaje como presidente, Gazit\u00faa particip\u00f3 en el &#8220;Comit\u00e9 Guaiba&#8221;, la reuni\u00f3n mensual donde los ejecutivos [&hellip;]<\/p>\n","protected":false},"author":2,"featured_media":14030,"comment_status":"closed","ping_status":"open","sticky":false,"template":"","format":"standard","meta":{"_jetpack_memberships_contains_paid_content":false,"jnews-multi-image_gallery":[],"jnews_single_post":[],"jnews_primary_category":[],"jnews_social_meta":[],"jnews_paywall_metabox":[],"jnews_review":[],"enable_review":"","type":"","name":"","summary":"","brand":"","sku":"","good":[],"bad":[],"score_override":"","override_value":"","rating":[],"price":[],"jnews_override_counter":[],"jnews_post_split":[],"footnotes":""},"categories":[83],"tags":[],"class_list":["post-14031","post","type-post","status-publish","format-standard","has-post-thumbnail","hentry","category-politica"],"jetpack_featured_media_url":"https:\/\/laserenaradio.cl\/web\/wp-content\/uploads\/2025\/04\/homepiaiextractoscrapimg_webpGazituaGobernadorhomenajeEmpresaspresidenteGuaiba_X.webp","jetpack_sharing_enabled":true,"_links":{"self":[{"href":"https:\/\/laserenaradio.cl\/web\/wp-json\/wp\/v2\/posts\/14031","targetHints":{"allow":["GET"]}}],"collection":[{"href":"https:\/\/laserenaradio.cl\/web\/wp-json\/wp\/v2\/posts"}],"about":[{"href":"https:\/\/laserenaradio.cl\/web\/wp-json\/wp\/v2\/types\/post"}],"author":[{"embeddable":true,"href":"https:\/\/laserenaradio.cl\/web\/wp-json\/wp\/v2\/users\/2"}],"replies":[{"embeddable":true,"href":"https:\/\/laserenaradio.cl\/web\/wp-json\/wp\/v2\/comments?post=14031"}],"version-history":[{"count":1,"href":"https:\/\/laserenaradio.cl\/web\/wp-json\/wp\/v2\/posts\/14031\/revisions"}],"predecessor-version":[{"id":14032,"href":"https:\/\/laserenaradio.cl\/web\/wp-json\/wp\/v2\/posts\/14031\/revisions\/14032"}],"wp:featuredmedia":[{"embeddable":true,"href":"https:\/\/laserenaradio.cl\/web\/wp-json\/wp\/v2\/media\/14030"}],"wp:attachment":[{"href":"https:\/\/laserenaradio.cl\/web\/wp-json\/wp\/v2\/media?parent=14031"}],"wp:term":[{"taxonomy":"category","embeddable":true,"href":"https:\/\/laserenaradio.cl\/web\/wp-json\/wp\/v2\/categories?post=14031"},{"taxonomy":"post_tag","embeddable":true,"href":"https:\/\/laserenaradio.cl\/web\/wp-json\/wp\/v2\/tags?post=14031"}],"curies":[{"name":"wp","href":"https:\/\/api.w.org\/{rel}","templated":true}]}}