{"id":14007,"date":"2025-04-19T17:37:39","date_gmt":"2025-04-19T20:37:39","guid":{"rendered":"https:\/\/laserenaradio.cl\/web\/?p=14007"},"modified":"2025-04-19T17:37:39","modified_gmt":"2025-04-19T20:37:39","slug":"desbordes-respaldo-a-duran-ante-ac-por-estadio-monumental","status":"publish","type":"post","link":"https:\/\/laserenaradio.cl\/web\/2025\/04\/19\/desbordes-respaldo-a-duran-ante-ac-por-estadio-monumental\/","title":{"rendered":"Desbordes respald\u00f3 a Dur\u00e1n ante AC por Estadio Monumental."},"content":{"rendered":"<p>El alcalde Mario Desbordes defendi\u00f3 al delegado presidencial Gonzalo Dur\u00e1n en un comunicado conjunto, llamando a rechazar la acusaci\u00f3n constitucional (AC) en su contra.<\/p>\n<p>Desbordes afirm\u00f3 que no comparte esa AC y espera que no prospere. &#8220;Es muy dif\u00edcil la situaci\u00f3n de los estadios y yo creo que el problema est\u00e1 estructural en la ley, que hay que modernizar&#8221;, asegur\u00f3.<\/p>\n<p>El jefe comunal respald\u00f3 al delegado como una persona de terreno con quien ha trabajado desde el inicio sin mirar colores pol\u00edticos. &#8220;Si yo fuera diputado votar\u00eda en contra y le agradezco el apoyo constante&#8221;, a\u00f1adi\u00f3.<\/p>\n<p>Desbordes hizo un llamado directo a los parlamentarios de Chile Vamos, pidi\u00e9ndoles que no avancen con la AC. &#8220;No vale la pena&#8221; afirm\u00f3, tras conversar con algunos diputados de su bancada y expresar su punto de vista.<\/p>\n<p>Gonzalo Dur\u00e1n agradeci\u00f3 las palabras del alcalde, se\u00f1alando que &#8220;no hay m\u00e9rito jur\u00eddico para esta acusaci\u00f3n constitucional&#8221;. Ambos coincidieron en la necesidad de trabajar unidos en temas como seguridad y recuperaci\u00f3n del espacio p\u00fablico. <\/p>\n<p>Finalmente, el delegado presidencial agradeci\u00f3 tambi\u00e9n los comentarios de los alcaldes de La Florida y \u00d1u\u00f1oa, quienes se manifestaron en contra de la acusaci\u00f3n constitucional.<\/p>\n","protected":false},"excerpt":{"rendered":"<p>El alcalde Mario Desbordes defendi\u00f3 al delegado presidencial Gonzalo Dur\u00e1n en un comunicado conjunto, llamando a rechazar la acusaci\u00f3n constitucional (AC) en su contra. Desbordes afirm\u00f3 que no comparte esa AC y espera que no prospere. &#8220;Es muy dif\u00edcil la situaci\u00f3n de los estadios y yo creo que el problema est\u00e1 estructural en la ley, [&hellip;]<\/p>\n","protected":false},"author":2,"featured_media":14006,"comment_status":"closed","ping_status":"open","sticky":false,"template":"","format":"standard","meta":{"_jetpack_memberships_contains_paid_content":false,"jnews-multi-image_gallery":[],"jnews_single_post":[],"jnews_primary_category":[],"jnews_social_meta":[],"jnews_paywall_metabox":[],"jnews_review":[],"enable_review":"","type":"","name":"","summary":"","brand":"","sku":"","good":[],"bad":[],"score_override":"","override_value":"","rating":[],"price":[],"jnews_override_counter":[],"jnews_post_split":[],"footnotes":""},"categories":[83],"tags":[],"class_list":["post-14007","post","type-post","status-publish","format-standard","has-post-thumbnail","hentry","category-politica"],"jetpack_featured_media_url":"https:\/\/laserenaradio.cl\/web\/wp-content\/uploads\/2025\/04\/homepiaiextractoscrapimg_webpDesbordesDuran_0.webp","jetpack_sharing_enabled":true,"_links":{"self":[{"href":"https:\/\/laserenaradio.cl\/web\/wp-json\/wp\/v2\/posts\/14007","targetHints":{"allow":["GET"]}}],"collection":[{"href":"https:\/\/laserenaradio.cl\/web\/wp-json\/wp\/v2\/posts"}],"about":[{"href":"https:\/\/laserenaradio.cl\/web\/wp-json\/wp\/v2\/types\/post"}],"author":[{"embeddable":true,"href":"https:\/\/laserenaradio.cl\/web\/wp-json\/wp\/v2\/users\/2"}],"replies":[{"embeddable":true,"href":"https:\/\/laserenaradio.cl\/web\/wp-json\/wp\/v2\/comments?post=14007"}],"version-history":[{"count":1,"href":"https:\/\/laserenaradio.cl\/web\/wp-json\/wp\/v2\/posts\/14007\/revisions"}],"predecessor-version":[{"id":14008,"href":"https:\/\/laserenaradio.cl\/web\/wp-json\/wp\/v2\/posts\/14007\/revisions\/14008"}],"wp:featuredmedia":[{"embeddable":true,"href":"https:\/\/laserenaradio.cl\/web\/wp-json\/wp\/v2\/media\/14006"}],"wp:attachment":[{"href":"https:\/\/laserenaradio.cl\/web\/wp-json\/wp\/v2\/media?parent=14007"}],"wp:term":[{"taxonomy":"category","embeddable":true,"href":"https:\/\/laserenaradio.cl\/web\/wp-json\/wp\/v2\/categories?post=14007"},{"taxonomy":"post_tag","embeddable":true,"href":"https:\/\/laserenaradio.cl\/web\/wp-json\/wp\/v2\/tags?post=14007"}],"curies":[{"name":"wp","href":"https:\/\/api.w.org\/{rel}","templated":true}]}}