{"id":13981,"date":"2025-04-18T17:02:13","date_gmt":"2025-04-18T20:02:13","guid":{"rendered":"https:\/\/laserenaradio.cl\/web\/?p=13981"},"modified":"2025-04-18T17:02:13","modified_gmt":"2025-04-18T20:02:13","slug":"evelyn-matthei-pide-cese-a-las-criticas-tras-declaraciones-sobre-dictadura","status":"publish","type":"post","link":"https:\/\/laserenaradio.cl\/web\/2025\/04\/18\/evelyn-matthei-pide-cese-a-las-criticas-tras-declaraciones-sobre-dictadura\/","title":{"rendered":"Evelyn Matthei pide cese a las cr\u00edticas tras declaraciones sobre dictadura."},"content":{"rendered":"<p>La candidata presidencial de Chile Vamos, Evelyn Matthei, advirti\u00f3 que &#8220;la pol\u00edtica se volvi\u00f3 un ring&#8221; y llam\u00f3 a &#8220;parar&#8221; durante el &#8220;fin de semana santo&#8221;. Esto surgi\u00f3 tras cr\u00edticas por considerar las muertes durante la dictadura militar como &#8220;inevitables&#8221;, ya que seg\u00fan ella, Chile estaba en una &#8220;guerra civil&#8221;.<\/p>\n<p>En su discurso en la red social X, Matthei expres\u00f3: &#8220;Nos estamos perdiendo en la pelea. La pol\u00edtica se volvi\u00f3 un ring y Chile\u2026 un pa\u00eds agotado&#8221;. A\u00f1adi\u00f3: &#8220;Este fin de semana santo quiero invitarte a parar, a bajar el volumen, a mirar hacia adentro&#8221;.<\/p>\n<p>Matthei sostuvo que los pol\u00edticos deben concentrarse en &#8220;hablar de lo que de verdad importa&#8221;: c\u00f3mo volvemos a confiar, a caminar sin miedo, a crecer y a so\u00f1ar con un futuro mejor. Tambi\u00e9n se refiri\u00f3 a Chile como &#8220;un pa\u00eds unido&#8221;.<\/p>\n<p>Recordemos que este mi\u00e9rcoles Matthei declar\u00f3 en Radio Agricultura: &#8220;Al principio, en el 73, 74, era bien inevitable que hubiera muertos porque est\u00e1bamos en una guerra civil. Pero ya en el 78 y el 82 y siguen ocurriendo&#8230; ah\u00ed ya no&#8221;.<\/p>\n<p>Adem\u00e1s, Matthei respondi\u00f3 a cr\u00edticas de la derecha sobre su postura, asegurando: &#8220;Yo no me he alejado totalmente&#8221;. Finalmente, exculp\u00f3 a su padre, Fernando Matthei, de las violaciones a los Derechos Humanos, afirmando que el comandante en jefe de la Fuerza A\u00e9rea no tuvo ninguna responsabilidad.<\/p>\n","protected":false},"excerpt":{"rendered":"<p>La candidata presidencial de Chile Vamos, Evelyn Matthei, advirti\u00f3 que &#8220;la pol\u00edtica se volvi\u00f3 un ring&#8221; y llam\u00f3 a &#8220;parar&#8221; durante el &#8220;fin de semana santo&#8221;. Esto surgi\u00f3 tras cr\u00edticas por considerar las muertes durante la dictadura militar como &#8220;inevitables&#8221;, ya que seg\u00fan ella, Chile estaba en una &#8220;guerra civil&#8221;. En su discurso en la [&hellip;]<\/p>\n","protected":false},"author":2,"featured_media":13980,"comment_status":"closed","ping_status":"open","sticky":false,"template":"","format":"standard","meta":{"_jetpack_memberships_contains_paid_content":false,"jnews-multi-image_gallery":[],"jnews_single_post":[],"jnews_primary_category":[],"jnews_social_meta":[],"jnews_paywall_metabox":[],"jnews_review":[],"enable_review":"","type":"","name":"","summary":"","brand":"","sku":"","good":[],"bad":[],"score_override":"","override_value":"","rating":[],"price":[],"jnews_override_counter":[],"jnews_post_split":[],"footnotes":""},"categories":[83],"tags":[],"class_list":["post-13981","post","type-post","status-publish","format-standard","has-post-thumbnail","hentry","category-politica"],"jetpack_featured_media_url":"https:\/\/laserenaradio.cl\/web\/wp-content\/uploads\/2025\/04\/homepiaiextractoscrapimg_webpMattheiyaChileEvelynMatthei_0.webp","jetpack_sharing_enabled":true,"_links":{"self":[{"href":"https:\/\/laserenaradio.cl\/web\/wp-json\/wp\/v2\/posts\/13981","targetHints":{"allow":["GET"]}}],"collection":[{"href":"https:\/\/laserenaradio.cl\/web\/wp-json\/wp\/v2\/posts"}],"about":[{"href":"https:\/\/laserenaradio.cl\/web\/wp-json\/wp\/v2\/types\/post"}],"author":[{"embeddable":true,"href":"https:\/\/laserenaradio.cl\/web\/wp-json\/wp\/v2\/users\/2"}],"replies":[{"embeddable":true,"href":"https:\/\/laserenaradio.cl\/web\/wp-json\/wp\/v2\/comments?post=13981"}],"version-history":[{"count":1,"href":"https:\/\/laserenaradio.cl\/web\/wp-json\/wp\/v2\/posts\/13981\/revisions"}],"predecessor-version":[{"id":13982,"href":"https:\/\/laserenaradio.cl\/web\/wp-json\/wp\/v2\/posts\/13981\/revisions\/13982"}],"wp:featuredmedia":[{"embeddable":true,"href":"https:\/\/laserenaradio.cl\/web\/wp-json\/wp\/v2\/media\/13980"}],"wp:attachment":[{"href":"https:\/\/laserenaradio.cl\/web\/wp-json\/wp\/v2\/media?parent=13981"}],"wp:term":[{"taxonomy":"category","embeddable":true,"href":"https:\/\/laserenaradio.cl\/web\/wp-json\/wp\/v2\/categories?post=13981"},{"taxonomy":"post_tag","embeddable":true,"href":"https:\/\/laserenaradio.cl\/web\/wp-json\/wp\/v2\/tags?post=13981"}],"curies":[{"name":"wp","href":"https:\/\/api.w.org\/{rel}","templated":true}]}}