{"id":13930,"date":"2025-04-17T09:43:08","date_gmt":"2025-04-17T12:43:08","guid":{"rendered":"https:\/\/laserenaradio.cl\/web\/?p=13930"},"modified":"2025-04-17T09:43:08","modified_gmt":"2025-04-17T12:43:08","slug":"tomas-de-rementeria-asumira-como-senador-por-valparaiso","status":"publish","type":"post","link":"https:\/\/laserenaradio.cl\/web\/2025\/04\/17\/tomas-de-rementeria-asumira-como-senador-por-valparaiso\/","title":{"rendered":"Tom\u00e1s de Rementer\u00eda asumir\u00e1 como senador por Valpara\u00edso."},"content":{"rendered":"<p>El diputado Tom\u00e1s de Rementer\u00eda se une al Senado como sustituto de Isabel Allende, tras ser aprobado por la Comisi\u00f3n Pol\u00edtica del Partido Socialista (PS). Agradeci\u00f3 a Paulina Vodanovic y al partido por la designaci\u00f3n. <\/p>\n<p>Declar\u00f3: &#8220;Agradezco a la Comisi\u00f3n Pol\u00edtica de mi partido, especialmente a su presidenta Paulina Vodanovic, por haberme elegido para continuar en el cupo parlamentario que dej\u00f3 nuestra senadora Isabel Allende&#8221;. <\/p>\n<p>El joven pol\u00edtico reconoci\u00f3 los desaf\u00edos inherentes a su nuevo rol, destacando la trayectoria de Allende. &#8220;La vara que deja Isabel es alta. Su trabajo territorial, su capacidad legislativa y su formaci\u00f3n demostraron un excelente trabajo y espero continuar de manera similar&#8221;, expres\u00f3.<\/p>\n<p>Con esta designaci\u00f3n, el diputado se convertir\u00e1 en uno de los senadores m\u00e1s j\u00f3venes de Chile. La ratificaci\u00f3n vino despu\u00e9s de d\u00edas de incertidumbre, ya que el PS inicialmente retir\u00f3 un oficio proponiendo a De Rementer\u00eda como reemplazo, lo cual gener\u00f3 cr\u00edticas internas.<\/p>\n<p>Paulina Vodanovic explic\u00f3 que la decisi\u00f3n deb\u00eda ser validada por la Comisi\u00f3n Pol\u00edtica, programada para este mi\u00e9rcoles. La pol\u00e9mica estall\u00f3 cuando se revel\u00f3 el cambio en la propuesta, con el PS justificando como un &#8220;problema procedimental&#8221;.<\/p>\n<p>Aunque hab\u00eda anunciado su retirada de la postulaci\u00f3n, De Rementer\u00eda reconsider\u00f3 y aceptar\u00eda si su partido lo solicitaba. <\/p>\n<p>El cupo senatorial por Valpara\u00edso qued\u00f3 vacante tras la destituci\u00f3n de Isabel Allende por el Tribunal Constitucional en relaci\u00f3n a la venta al Estado de la casa de su padre, Salvador Allende.<\/p>\n","protected":false},"excerpt":{"rendered":"<p>El diputado Tom\u00e1s de Rementer\u00eda se une al Senado como sustituto de Isabel Allende, tras ser aprobado por la Comisi\u00f3n Pol\u00edtica del Partido Socialista (PS). Agradeci\u00f3 a Paulina Vodanovic y al partido por la designaci\u00f3n. Declar\u00f3: &#8220;Agradezco a la Comisi\u00f3n Pol\u00edtica de mi partido, especialmente a su presidenta Paulina Vodanovic, por haberme elegido para continuar [&hellip;]<\/p>\n","protected":false},"author":2,"featured_media":13929,"comment_status":"closed","ping_status":"open","sticky":false,"template":"","format":"standard","meta":{"_jetpack_memberships_contains_paid_content":false,"jnews-multi-image_gallery":[],"jnews_single_post":[],"jnews_primary_category":[],"jnews_social_meta":[],"jnews_paywall_metabox":[],"jnews_review":[],"enable_review":"","type":"","name":"","summary":"","brand":"","sku":"","good":[],"bad":[],"score_override":"","override_value":"","rating":[],"price":[],"jnews_override_counter":[],"jnews_post_split":[],"footnotes":""},"categories":[83],"tags":[],"class_list":["post-13930","post","type-post","status-publish","format-standard","has-post-thumbnail","hentry","category-politica"],"jetpack_featured_media_url":"https:\/\/laserenaradio.cl\/web\/wp-content\/uploads\/2025\/04\/homepiaiextractoscrapimg_webpIsabelAllendePaulinaVodanovicpartidodiputado_0.webp","jetpack_sharing_enabled":true,"_links":{"self":[{"href":"https:\/\/laserenaradio.cl\/web\/wp-json\/wp\/v2\/posts\/13930","targetHints":{"allow":["GET"]}}],"collection":[{"href":"https:\/\/laserenaradio.cl\/web\/wp-json\/wp\/v2\/posts"}],"about":[{"href":"https:\/\/laserenaradio.cl\/web\/wp-json\/wp\/v2\/types\/post"}],"author":[{"embeddable":true,"href":"https:\/\/laserenaradio.cl\/web\/wp-json\/wp\/v2\/users\/2"}],"replies":[{"embeddable":true,"href":"https:\/\/laserenaradio.cl\/web\/wp-json\/wp\/v2\/comments?post=13930"}],"version-history":[{"count":1,"href":"https:\/\/laserenaradio.cl\/web\/wp-json\/wp\/v2\/posts\/13930\/revisions"}],"predecessor-version":[{"id":13931,"href":"https:\/\/laserenaradio.cl\/web\/wp-json\/wp\/v2\/posts\/13930\/revisions\/13931"}],"wp:featuredmedia":[{"embeddable":true,"href":"https:\/\/laserenaradio.cl\/web\/wp-json\/wp\/v2\/media\/13929"}],"wp:attachment":[{"href":"https:\/\/laserenaradio.cl\/web\/wp-json\/wp\/v2\/media?parent=13930"}],"wp:term":[{"taxonomy":"category","embeddable":true,"href":"https:\/\/laserenaradio.cl\/web\/wp-json\/wp\/v2\/categories?post=13930"},{"taxonomy":"post_tag","embeddable":true,"href":"https:\/\/laserenaradio.cl\/web\/wp-json\/wp\/v2\/tags?post=13930"}],"curies":[{"name":"wp","href":"https:\/\/api.w.org\/{rel}","templated":true}]}}