{"id":13915,"date":"2025-04-16T23:02:49","date_gmt":"2025-04-17T02:02:49","guid":{"rendered":"https:\/\/laserenaradio.cl\/web\/?p=13915"},"modified":"2025-04-16T23:02:49","modified_gmt":"2025-04-17T02:02:49","slug":"mirosevic-abandona-candidatura-presidencial-y-respaldara-a-toha","status":"publish","type":"post","link":"https:\/\/laserenaradio.cl\/web\/2025\/04\/16\/mirosevic-abandona-candidatura-presidencial-y-respaldara-a-toha\/","title":{"rendered":"Mirosevic abandona candidatura presidencial y respaldar\u00e1 a Toh\u00e1."},"content":{"rendered":"<p>El diputado Vlado Mirosevic abandon\u00f3 su candidatura presidencial y respald\u00f3 a Carolina Toh\u00e1 del Partido Por la Democracia (PPD). Su decisi\u00f3n se produce luego que el Partido Liberal (PL), al que pertenece, enfrentara obst\u00e1culos legales para inscribir su candidatura ante el Servicio Electoral. <\/p>\n<p>El 12 de octubre de 2024, el PL proclam\u00f3 a Mirosevic como su abanderado presidencial. No obstante, al no estar constituido a nivel nacional, el partido necesitaba reunir 35.361 firmas para validar su postulaci\u00f3n. Seg\u00fan The Clinic, hasta el 31 de marzo, el PL contaba con solo 9.851 militantes, muy lejos de la meta antes del plazo l\u00edmite -29 de abril-. <\/p>\n<p>El art\u00edculo 14 de la ley 18.700 exige que los partidos que postulen a la Presidencia est\u00e9n constituidos en las 16 regiones del pa\u00eds o, en su defecto, presenten firmas equivalentes al 0,5% de los votos v\u00e1lidos de la \u00faltima elecci\u00f3n parlamentaria. El PL incumpl\u00eda ambos requisitos, generando incomodidad en el oficialismo, donde otras candidaturas \u2014como las de Gonzalo Winter (Frente Amplio) y Paulina Vodanovic (PS)\u2014 s\u00ed cumplen con las normas.<\/p>\n<p>Este escenario no es nuevo; la senadora Ximena Rinc\u00f3n (Dem\u00f3cratas) tambi\u00e9n desisti\u00f3 de competir en la primaria de Chile Vamos por fallas similares. As\u00ed las cosas, la directiva del PL se pronunciar\u00eda oficialmente el pr\u00f3ximo lunes, aunque fuentes del PPD ya anticiparon que el apoyo formal a Toh\u00e1 se concretar\u00e1 cerca de las 13.00 horas de la jornada de este jueves, con la participaci\u00f3n de las directivas de ambos partidos.<\/p>\n","protected":false},"excerpt":{"rendered":"<p>El diputado Vlado Mirosevic abandon\u00f3 su candidatura presidencial y respald\u00f3 a Carolina Toh\u00e1 del Partido Por la Democracia (PPD). Su decisi\u00f3n se produce luego que el Partido Liberal (PL), al que pertenece, enfrentara obst\u00e1culos legales para inscribir su candidatura ante el Servicio Electoral. El 12 de octubre de 2024, el PL proclam\u00f3 a Mirosevic como [&hellip;]<\/p>\n","protected":false},"author":2,"featured_media":13914,"comment_status":"closed","ping_status":"open","sticky":false,"template":"","format":"standard","meta":{"_jetpack_memberships_contains_paid_content":false,"jnews-multi-image_gallery":[],"jnews_single_post":[],"jnews_primary_category":[],"jnews_social_meta":[],"jnews_paywall_metabox":[],"jnews_review":[],"enable_review":"","type":"","name":"","summary":"","brand":"","sku":"","good":[],"bad":[],"score_override":"","override_value":"","rating":[],"price":[],"jnews_override_counter":[],"jnews_post_split":[],"footnotes":""},"categories":[83],"tags":[],"class_list":["post-13915","post","type-post","status-publish","format-standard","has-post-thumbnail","hentry","category-politica"],"jetpack_featured_media_url":"https:\/\/laserenaradio.cl\/web\/wp-content\/uploads\/2025\/04\/homepiaiextractoscrapimg_webpMirosevicToha_0.webp","jetpack_sharing_enabled":true,"_links":{"self":[{"href":"https:\/\/laserenaradio.cl\/web\/wp-json\/wp\/v2\/posts\/13915","targetHints":{"allow":["GET"]}}],"collection":[{"href":"https:\/\/laserenaradio.cl\/web\/wp-json\/wp\/v2\/posts"}],"about":[{"href":"https:\/\/laserenaradio.cl\/web\/wp-json\/wp\/v2\/types\/post"}],"author":[{"embeddable":true,"href":"https:\/\/laserenaradio.cl\/web\/wp-json\/wp\/v2\/users\/2"}],"replies":[{"embeddable":true,"href":"https:\/\/laserenaradio.cl\/web\/wp-json\/wp\/v2\/comments?post=13915"}],"version-history":[{"count":1,"href":"https:\/\/laserenaradio.cl\/web\/wp-json\/wp\/v2\/posts\/13915\/revisions"}],"predecessor-version":[{"id":13916,"href":"https:\/\/laserenaradio.cl\/web\/wp-json\/wp\/v2\/posts\/13915\/revisions\/13916"}],"wp:featuredmedia":[{"embeddable":true,"href":"https:\/\/laserenaradio.cl\/web\/wp-json\/wp\/v2\/media\/13914"}],"wp:attachment":[{"href":"https:\/\/laserenaradio.cl\/web\/wp-json\/wp\/v2\/media?parent=13915"}],"wp:term":[{"taxonomy":"category","embeddable":true,"href":"https:\/\/laserenaradio.cl\/web\/wp-json\/wp\/v2\/categories?post=13915"},{"taxonomy":"post_tag","embeddable":true,"href":"https:\/\/laserenaradio.cl\/web\/wp-json\/wp\/v2\/tags?post=13915"}],"curies":[{"name":"wp","href":"https:\/\/api.w.org\/{rel}","templated":true}]}}