{"id":13774,"date":"2025-03-31T09:18:32","date_gmt":"2025-03-31T12:18:32","guid":{"rendered":"https:\/\/laserenaradio.cl\/web\/?p=13774"},"modified":"2025-03-31T09:18:32","modified_gmt":"2025-03-31T12:18:32","slug":"matthei-se-suma-a-la-critica-del-pc-por-un-nuevo-proceso-constituyente","status":"publish","type":"post","link":"https:\/\/laserenaradio.cl\/web\/2025\/03\/31\/matthei-se-suma-a-la-critica-del-pc-por-un-nuevo-proceso-constituyente\/","title":{"rendered":"Matthei se suma a la cr\u00edtica del PC por un nuevo proceso constituyente"},"content":{"rendered":"<p><b>La carta presidencial de Evelyn Matthei, l\u00edder de Chile Vamos, se dirige frontalmente al Partido Comunista (PC), acus\u00e1ndolo de mantener la idea del nuevo proceso constituyente<\/b><!--more-->.<\/p>\n<p>Seg\u00fan Matthei, &#8220;los chilenos dijeron NO dos veces&#8221;, y exhorta al Estado a enfocarse en resolver urgencias como seguridad, salud y educaci\u00f3n.<\/p>\n<p>A trav\u00e9s de un video publicado en su cuenta oficial de X, la exalcalde de Providencia explica que los ciudadanos solo buscan &#8220;preocuparnos por la seguridad, la educaci\u00f3n, la salud, el empleo y mejorar nuestra calidad de vida&#8221;. Afirma que un nuevo proceso constitucional ser\u00eda &#8220;divisivo&#8221; e impedir\u00eda abordar verdaderas necesidades.<\/p>\n<p>Matthei insiste en que es crucial que el Gobierno exprese su postura sobre esta situaci\u00f3n. &#8220;Es importante saber qu\u00e9 piensan los dem\u00e1s partidos de la coalici\u00f3n&#8221;, sentencia, planteando una llamada a la unidad pol\u00edtica frente a las prioridades nacionales.<\/p>\n","protected":false},"excerpt":{"rendered":"<p>La carta presidencial de Evelyn Matthei, l\u00edder de Chile Vamos, se dirige frontalmente al Partido Comunista (PC), acus\u00e1ndolo de mantener la idea del nuevo proceso constituyente<\/p>\n","protected":false},"author":2,"featured_media":13773,"comment_status":"closed","ping_status":"open","sticky":false,"template":"","format":"standard","meta":{"_jetpack_memberships_contains_paid_content":false,"jnews-multi-image_gallery":[],"jnews_single_post":[],"jnews_primary_category":[],"jnews_social_meta":[],"jnews_paywall_metabox":[],"jnews_review":[],"enable_review":"","type":"","name":"","summary":"","brand":"","sku":"","good":[],"bad":[],"score_override":"","override_value":"","rating":[],"price":[],"jnews_override_counter":[],"jnews_post_split":[],"footnotes":""},"categories":[83],"tags":[],"class_list":["post-13774","post","type-post","status-publish","format-standard","has-post-thumbnail","hentry","category-politica"],"jetpack_featured_media_url":"https:\/\/laserenaradio.cl\/web\/wp-content\/uploads\/2025\/03\/homepiaiextractoscrapimg_webpMattheiPC_1.webp","jetpack_sharing_enabled":true,"_links":{"self":[{"href":"https:\/\/laserenaradio.cl\/web\/wp-json\/wp\/v2\/posts\/13774","targetHints":{"allow":["GET"]}}],"collection":[{"href":"https:\/\/laserenaradio.cl\/web\/wp-json\/wp\/v2\/posts"}],"about":[{"href":"https:\/\/laserenaradio.cl\/web\/wp-json\/wp\/v2\/types\/post"}],"author":[{"embeddable":true,"href":"https:\/\/laserenaradio.cl\/web\/wp-json\/wp\/v2\/users\/2"}],"replies":[{"embeddable":true,"href":"https:\/\/laserenaradio.cl\/web\/wp-json\/wp\/v2\/comments?post=13774"}],"version-history":[{"count":1,"href":"https:\/\/laserenaradio.cl\/web\/wp-json\/wp\/v2\/posts\/13774\/revisions"}],"predecessor-version":[{"id":13775,"href":"https:\/\/laserenaradio.cl\/web\/wp-json\/wp\/v2\/posts\/13774\/revisions\/13775"}],"wp:featuredmedia":[{"embeddable":true,"href":"https:\/\/laserenaradio.cl\/web\/wp-json\/wp\/v2\/media\/13773"}],"wp:attachment":[{"href":"https:\/\/laserenaradio.cl\/web\/wp-json\/wp\/v2\/media?parent=13774"}],"wp:term":[{"taxonomy":"category","embeddable":true,"href":"https:\/\/laserenaradio.cl\/web\/wp-json\/wp\/v2\/categories?post=13774"},{"taxonomy":"post_tag","embeddable":true,"href":"https:\/\/laserenaradio.cl\/web\/wp-json\/wp\/v2\/tags?post=13774"}],"curies":[{"name":"wp","href":"https:\/\/api.w.org\/{rel}","templated":true}]}}