{"id":13737,"date":"2025-03-29T21:53:17","date_gmt":"2025-03-30T00:53:17","guid":{"rendered":"https:\/\/laserenaradio.cl\/web\/?p=13737"},"modified":"2025-03-29T21:53:17","modified_gmt":"2025-03-30T00:53:17","slug":"evopoli-profundiza-su-crisis-tras-derrota-de-felipe-kast-en-el-senado","status":"publish","type":"post","link":"https:\/\/laserenaradio.cl\/web\/2025\/03\/29\/evopoli-profundiza-su-crisis-tras-derrota-de-felipe-kast-en-el-senado\/","title":{"rendered":"Ev\u00f3poli profundiza su crisis tras derrota de Felipe Kast en el Senado"},"content":{"rendered":"<p><b>Reuni\u00f3n crucial en Ev\u00f3poli tras derrota de Felipe Kast. Tras la sorprendente victoria del senador Manuel Jos\u00e9 Ossand\u00f3n sobre Felipe Kast en el pleito por la presidencia de la C\u00e1mara Alta, Ev\u00f3poli se vio obligado a sostener una extensa reuni\u00f3n que dur\u00f3 cinco horas<\/b><!--more-->.<\/p>\n<p>Kast era considerada la figura clave para Chile Vamos en el liderazgo del Senado, pero la bancada oficialista y algunos miembros rebeldes de Renovaci\u00f3n Nacional apoyaron a Ossand\u00f3n, quien finalmente asumi\u00f3 el mando.<\/p>\n<p>El jefe de la bancada de RN, Miguel Mellado, enfatiz\u00f3 que ahora el enfoque debe ser la campa\u00f1a presidencial de Evelyn Matthei. Sin embargo, desde Ev\u00f3poli respondieron con una declaraci\u00f3n contundente, denunciando la llamada a &#8220;no hacer drama&#8221; por parte de Matthei como una minimizaci\u00f3n del incidente. Como resultado, la direcci\u00f3n de Ev\u00f3poli decidi\u00f3 no participar en dos actividades de Chile Vamos.<\/p>\n<p>Se han ausentado de una reuni\u00f3n de coordinaci\u00f3n con las mesas de RN y UDI y se negaron a un encuentro de alcaldes con Matthei en Vi\u00f1a del Mar.<\/p>\n<p>El senador Iv\u00e1n Moreira de la UDI, intent\u00f3 aliviar los \u00e1nimos asegurando que no refleja debilidad el distanciamiento. Aun as\u00ed, Ev\u00f3poli prefiere mantenerse al margen de la pol\u00e9mica y aguarda nuevas declaraciones de su candidata presidencial, Evelyn Matthei.<\/p>\n","protected":false},"excerpt":{"rendered":"<p>Reuni\u00f3n crucial en Ev\u00f3poli tras derrota de Felipe Kast. Tras la sorprendente victoria del senador Manuel Jos\u00e9 Ossand\u00f3n sobre Felipe Kast en el pleito por la presidencia de la C\u00e1mara Alta, Ev\u00f3poli se vio obligado a sostener una extensa reuni\u00f3n que dur\u00f3 cinco horas<\/p>\n","protected":false},"author":2,"featured_media":13736,"comment_status":"closed","ping_status":"open","sticky":false,"template":"","format":"standard","meta":{"_jetpack_memberships_contains_paid_content":false,"jnews-multi-image_gallery":[],"jnews_single_post":[],"jnews_primary_category":[],"jnews_social_meta":[],"jnews_paywall_metabox":[],"jnews_review":[],"enable_review":"","type":"","name":"","summary":"","brand":"","sku":"","good":[],"bad":[],"score_override":"","override_value":"","rating":[],"price":[],"jnews_override_counter":[],"jnews_post_split":[],"footnotes":""},"categories":[83],"tags":[],"class_list":["post-13737","post","type-post","status-publish","format-standard","has-post-thumbnail","hentry","category-politica"],"jetpack_featured_media_url":"https:\/\/laserenaradio.cl\/web\/wp-content\/uploads\/2025\/03\/homepiaiextractoscrapimg_webpFelipeKastChileVamosSenadopresidencial_1.webp","jetpack_sharing_enabled":true,"_links":{"self":[{"href":"https:\/\/laserenaradio.cl\/web\/wp-json\/wp\/v2\/posts\/13737","targetHints":{"allow":["GET"]}}],"collection":[{"href":"https:\/\/laserenaradio.cl\/web\/wp-json\/wp\/v2\/posts"}],"about":[{"href":"https:\/\/laserenaradio.cl\/web\/wp-json\/wp\/v2\/types\/post"}],"author":[{"embeddable":true,"href":"https:\/\/laserenaradio.cl\/web\/wp-json\/wp\/v2\/users\/2"}],"replies":[{"embeddable":true,"href":"https:\/\/laserenaradio.cl\/web\/wp-json\/wp\/v2\/comments?post=13737"}],"version-history":[{"count":1,"href":"https:\/\/laserenaradio.cl\/web\/wp-json\/wp\/v2\/posts\/13737\/revisions"}],"predecessor-version":[{"id":13738,"href":"https:\/\/laserenaradio.cl\/web\/wp-json\/wp\/v2\/posts\/13737\/revisions\/13738"}],"wp:featuredmedia":[{"embeddable":true,"href":"https:\/\/laserenaradio.cl\/web\/wp-json\/wp\/v2\/media\/13736"}],"wp:attachment":[{"href":"https:\/\/laserenaradio.cl\/web\/wp-json\/wp\/v2\/media?parent=13737"}],"wp:term":[{"taxonomy":"category","embeddable":true,"href":"https:\/\/laserenaradio.cl\/web\/wp-json\/wp\/v2\/categories?post=13737"},{"taxonomy":"post_tag","embeddable":true,"href":"https:\/\/laserenaradio.cl\/web\/wp-json\/wp\/v2\/tags?post=13737"}],"curies":[{"name":"wp","href":"https:\/\/api.w.org\/{rel}","templated":true}]}}