{"id":13695,"date":"2025-03-28T20:05:36","date_gmt":"2025-03-28T23:05:36","guid":{"rendered":"https:\/\/laserenaradio.cl\/web\/?p=13695"},"modified":"2025-03-28T20:05:36","modified_gmt":"2025-03-28T23:05:36","slug":"diputados-del-partido-republicano-cuestionan-la-designacion-del-ministro-de-seguridad","status":"publish","type":"post","link":"https:\/\/laserenaradio.cl\/web\/2025\/03\/28\/diputados-del-partido-republicano-cuestionan-la-designacion-del-ministro-de-seguridad\/","title":{"rendered":"Diputados del Partido Republicano cuestionan la designaci\u00f3n del ministro de Seguridad"},"content":{"rendered":"<p><b>Los diputados del Partido Republicano han expresado sus cr\u00edticas hacia la designaci\u00f3n de Luis Cordero como ministro de la nueva cartera de Seguridad P\u00fablica, que entrar\u00e1 en operaciones el 1 de abril<\/b><!--more-->.<\/p>\n<p>Cristi\u00e1n Araya, un destacado legislador, declar\u00f3: &#8220;Lamentablemente, el ministro de Seguridad (Cordero) carece de antecedentes que respalden una gesti\u00f3n efectiva&#8221;.<\/p>\n<p>Araya contin\u00faa se\u00f1alando los fracasos pasados del ministro, mencionando espec\u00edficamente la ineficacia del uso de inhibidores frente al descontrol penitenciario y la severa evaluaci\u00f3n que recibi\u00f3 de parte de la Contralor\u00eda.<\/p>\n<p>En contraste con estas declaraciones, Araya argument\u00f3: &#8220;Desde el primer momento, hemos sostenido que el Ministerio de Seguridad es solo una forma adicional de burocracia y un ente coordinador, sin capacidad para tomar decisiones&#8221;.<\/p>\n<p>El legislador a\u00f1adi\u00f3 que &#8220;en el contexto de la grave crisis de seguridad en nuestro pa\u00eds, no requerimos m\u00e1s bur\u00f3cratas; necesitamos personas con autoridad y experiencia que puedan asumir responsabilidades&#8221;.<\/p>\n<p>Juan Irarr\u00e1zaval, otro legislador del Partido Republicano, ampli\u00f3 su cr\u00edtica al se\u00f1alar: &#8220;Incluso si el Ministro de Seguridad fuera Superman, la cantidad de burocracia y operadores pol\u00edticos asociados con este Ministerio dificultar\u00eda cualquier progreso significativo&#8221;.<\/p>\n<p>Irarr\u00e1zaval enfatiz\u00f3 que en lugar de pol\u00edticos adicionales, se necesitan autoridades capaces y decididas, &#8220;con pantalones para tomar las riendas de la seguridad nacional&#8221;.<\/p>\n<p>Estas declaraciones reflejan una preocupaci\u00f3n generalizada en el Partido Republicano sobre la capacidad del nuevo Ministerio de Seguridad P\u00fablica para abordar eficazmente los desaf\u00edos actuales.<\/p>\n","protected":false},"excerpt":{"rendered":"<p>Los diputados del Partido Republicano han expresado sus cr\u00edticas hacia la designaci\u00f3n de Luis Cordero como ministro de la nueva cartera de Seguridad P\u00fablica, que entrar\u00e1 en operaciones el 1 de abril<\/p>\n","protected":false},"author":2,"featured_media":13694,"comment_status":"closed","ping_status":"open","sticky":false,"template":"","format":"standard","meta":{"_jetpack_memberships_contains_paid_content":false,"jnews-multi-image_gallery":[],"jnews_single_post":[],"jnews_primary_category":[],"jnews_social_meta":[],"jnews_paywall_metabox":[],"jnews_review":[],"enable_review":"","type":"","name":"","summary":"","brand":"","sku":"","good":[],"bad":[],"score_override":"","override_value":"","rating":[],"price":[],"jnews_override_counter":[],"jnews_post_split":[],"footnotes":""},"categories":[83],"tags":[],"class_list":["post-13695","post","type-post","status-publish","format-standard","has-post-thumbnail","hentry","category-politica"],"jetpack_featured_media_url":"https:\/\/laserenaradio.cl\/web\/wp-content\/uploads\/2025\/03\/homepiaiextractoscrapimg_predeterminadalaserenaradio_politica-15.webp","jetpack_sharing_enabled":true,"_links":{"self":[{"href":"https:\/\/laserenaradio.cl\/web\/wp-json\/wp\/v2\/posts\/13695","targetHints":{"allow":["GET"]}}],"collection":[{"href":"https:\/\/laserenaradio.cl\/web\/wp-json\/wp\/v2\/posts"}],"about":[{"href":"https:\/\/laserenaradio.cl\/web\/wp-json\/wp\/v2\/types\/post"}],"author":[{"embeddable":true,"href":"https:\/\/laserenaradio.cl\/web\/wp-json\/wp\/v2\/users\/2"}],"replies":[{"embeddable":true,"href":"https:\/\/laserenaradio.cl\/web\/wp-json\/wp\/v2\/comments?post=13695"}],"version-history":[{"count":1,"href":"https:\/\/laserenaradio.cl\/web\/wp-json\/wp\/v2\/posts\/13695\/revisions"}],"predecessor-version":[{"id":13696,"href":"https:\/\/laserenaradio.cl\/web\/wp-json\/wp\/v2\/posts\/13695\/revisions\/13696"}],"wp:featuredmedia":[{"embeddable":true,"href":"https:\/\/laserenaradio.cl\/web\/wp-json\/wp\/v2\/media\/13694"}],"wp:attachment":[{"href":"https:\/\/laserenaradio.cl\/web\/wp-json\/wp\/v2\/media?parent=13695"}],"wp:term":[{"taxonomy":"category","embeddable":true,"href":"https:\/\/laserenaradio.cl\/web\/wp-json\/wp\/v2\/categories?post=13695"},{"taxonomy":"post_tag","embeddable":true,"href":"https:\/\/laserenaradio.cl\/web\/wp-json\/wp\/v2\/tags?post=13695"}],"curies":[{"name":"wp","href":"https:\/\/api.w.org\/{rel}","templated":true}]}}