{"id":13632,"date":"2025-03-26T17:00:09","date_gmt":"2025-03-26T20:00:09","guid":{"rendered":"https:\/\/laserenaradio.cl\/web\/?p=13632"},"modified":"2025-03-26T17:00:09","modified_gmt":"2025-03-26T20:00:09","slug":"manuel-jose-ossandon-se-convirtio-en-el-nuevo-presidente-del-senado","status":"publish","type":"post","link":"https:\/\/laserenaradio.cl\/web\/2025\/03\/26\/manuel-jose-ossandon-se-convirtio-en-el-nuevo-presidente-del-senado\/","title":{"rendered":"Manuel Jos\u00e9 Ossand\u00f3n se convirti\u00f3 en el nuevo presidente del Senado"},"content":{"rendered":"<p><b>Manuel Jos\u00e9 Ossand\u00f3n fue elegido presidente del Senado 2025-2026 este mi\u00e9rcoles, obteniendo 28 votos<\/b><!--more-->.<\/p>\n<p>En contraste, Felipe Kast, representante de Ev\u00f3poli, obtuvo el apoyo mayoritario de Renovaci\u00f3n Nacional con 21 votos a su favor.<\/p>\n<p>Francisco Chahu\u00e1n, tambi\u00e9n senador de RN, decidi\u00f3 abstenerse en la votaci\u00f3n.<\/p>\n<p>Este resultado refleja las tensiones internas que azotan al partido Renovaci\u00f3n Nacional.<\/p>\n","protected":false},"excerpt":{"rendered":"<p>Manuel Jos\u00e9 Ossand\u00f3n fue elegido presidente del Senado 2025-2026 este mi\u00e9rcoles, obteniendo 28 votos<\/p>\n","protected":false},"author":2,"featured_media":13631,"comment_status":"closed","ping_status":"open","sticky":false,"template":"","format":"standard","meta":{"_jetpack_memberships_contains_paid_content":false,"jnews-multi-image_gallery":[],"jnews_single_post":[],"jnews_primary_category":[],"jnews_social_meta":[],"jnews_paywall_metabox":[],"jnews_review":[],"enable_review":"","type":"","name":"","summary":"","brand":"","sku":"","good":[],"bad":[],"score_override":"","override_value":"","rating":[],"price":[],"jnews_override_counter":[],"jnews_post_split":[],"footnotes":""},"categories":[83],"tags":[],"class_list":["post-13632","post","type-post","status-publish","format-standard","has-post-thumbnail","hentry","category-politica"],"jetpack_featured_media_url":"https:\/\/laserenaradio.cl\/web\/wp-content\/uploads\/2025\/03\/homepiaiextractoscrapimg_webpSenadoManuelpresidentevotos_0.webp","jetpack_sharing_enabled":true,"_links":{"self":[{"href":"https:\/\/laserenaradio.cl\/web\/wp-json\/wp\/v2\/posts\/13632","targetHints":{"allow":["GET"]}}],"collection":[{"href":"https:\/\/laserenaradio.cl\/web\/wp-json\/wp\/v2\/posts"}],"about":[{"href":"https:\/\/laserenaradio.cl\/web\/wp-json\/wp\/v2\/types\/post"}],"author":[{"embeddable":true,"href":"https:\/\/laserenaradio.cl\/web\/wp-json\/wp\/v2\/users\/2"}],"replies":[{"embeddable":true,"href":"https:\/\/laserenaradio.cl\/web\/wp-json\/wp\/v2\/comments?post=13632"}],"version-history":[{"count":1,"href":"https:\/\/laserenaradio.cl\/web\/wp-json\/wp\/v2\/posts\/13632\/revisions"}],"predecessor-version":[{"id":13633,"href":"https:\/\/laserenaradio.cl\/web\/wp-json\/wp\/v2\/posts\/13632\/revisions\/13633"}],"wp:featuredmedia":[{"embeddable":true,"href":"https:\/\/laserenaradio.cl\/web\/wp-json\/wp\/v2\/media\/13631"}],"wp:attachment":[{"href":"https:\/\/laserenaradio.cl\/web\/wp-json\/wp\/v2\/media?parent=13632"}],"wp:term":[{"taxonomy":"category","embeddable":true,"href":"https:\/\/laserenaradio.cl\/web\/wp-json\/wp\/v2\/categories?post=13632"},{"taxonomy":"post_tag","embeddable":true,"href":"https:\/\/laserenaradio.cl\/web\/wp-json\/wp\/v2\/tags?post=13632"}],"curies":[{"name":"wp","href":"https:\/\/api.w.org\/{rel}","templated":true}]}}