{"id":13604,"date":"2025-03-25T19:52:27","date_gmt":"2025-03-25T22:52:27","guid":{"rendered":"https:\/\/laserenaradio.cl\/web\/?p=13604"},"modified":"2025-03-25T19:52:27","modified_gmt":"2025-03-25T22:52:27","slug":"la-diputada-schneider-renuncio-como-presidenta-de-la-comision-de-educacion","status":"publish","type":"post","link":"https:\/\/laserenaradio.cl\/web\/2025\/03\/25\/la-diputada-schneider-renuncio-como-presidenta-de-la-comision-de-educacion\/","title":{"rendered":"La diputada Schneider renunci\u00f3 como presidenta de la comisi\u00f3n de Educaci\u00f3n"},"content":{"rendered":"<p><b>La diputada Emilia Schneider (FA) renunci\u00f3 a la presidencia de la comisi\u00f3n de Educaci\u00f3n en la C\u00e1mara Baja, aunque la moci\u00f3n de censura contra ella fue rechazada<\/b><!--more-->.<\/p>\n<p>Sergio Bobadilla (UDI) hab\u00eda acusado a Schneider de actuar &#8220;arrogantemente&#8221; y de ser un &#8220;vocero del gobierno&#8221;, lo que motiv\u00f3 su decisi\u00f3n.<\/p>\n<p>A pesar de que el voto para rechazar la moci\u00f3n cont\u00f3 con ocho votos contra cinco, la congresista afirm\u00f3 que &#8220;en este momento se ha cumplido mi periodo a cargo de la Comisi\u00f3n de Educaci\u00f3n y corresponde, de acuerdo al acuerdo administrativo de esta Corporaci\u00f3n, renunciar como presidenta de esta instancia&#8221;.<\/p>\n<p>Schneider expres\u00f3 sus sinceros agradecimientos hacia la secretar\u00eda y los equipos involucrados, destacando el trabajo realizado en levantar instancias de discusi\u00f3n con distintos actores. &#8220;Hemos logrado sacar adelante un trabajo serio y levantar mesas de trabajo con el Ejecutivo&#8221;, sostuvo.<\/p>\n<p>Sin embargo, lament\u00f3 haber tenido que luchar contra las iniciativas dilatorias de algunos diputados de la comisi\u00f3n. &#8220;Algunos diputados que no quieren avanzar, (&#8230;) no sienten la urgencia de responder a la gente&#8221;, expres\u00f3. Schneider atribuy\u00f3 este fen\u00f3meno a &#8220;defensores del lucro y del mercado educativo&#8221;.<\/p>\n<p>Aunque renunci\u00f3 a la presidencia, enfatiz\u00f3 que seguir\u00e1 siendo integrante de la comisi\u00f3n y defendiendo las convicciones y principios que la llevaron a ser representante en el Congreso Nacional.<\/p>\n","protected":false},"excerpt":{"rendered":"<p>La diputada Emilia Schneider (FA) renunci\u00f3 a la presidencia de la comisi\u00f3n de Educaci\u00f3n en la C\u00e1mara Baja, aunque la moci\u00f3n de censura contra ella fue rechazada<\/p>\n","protected":false},"author":2,"featured_media":13603,"comment_status":"closed","ping_status":"open","sticky":false,"template":"","format":"standard","meta":{"_jetpack_memberships_contains_paid_content":false,"jnews-multi-image_gallery":[],"jnews_single_post":[],"jnews_primary_category":[],"jnews_social_meta":[],"jnews_paywall_metabox":[],"jnews_review":[],"enable_review":"","type":"","name":"","summary":"","brand":"","sku":"","good":[],"bad":[],"score_override":"","override_value":"","rating":[],"price":[],"jnews_override_counter":[],"jnews_post_split":[],"footnotes":""},"categories":[83],"tags":[],"class_list":["post-13604","post","type-post","status-publish","format-standard","has-post-thumbnail","hentry","category-politica"],"jetpack_featured_media_url":"https:\/\/laserenaradio.cl\/web\/wp-content\/uploads\/2025\/03\/homepiaiextractoscrapimg_webpSchneidercontratrabajodiputada_1.webp","jetpack_sharing_enabled":true,"_links":{"self":[{"href":"https:\/\/laserenaradio.cl\/web\/wp-json\/wp\/v2\/posts\/13604","targetHints":{"allow":["GET"]}}],"collection":[{"href":"https:\/\/laserenaradio.cl\/web\/wp-json\/wp\/v2\/posts"}],"about":[{"href":"https:\/\/laserenaradio.cl\/web\/wp-json\/wp\/v2\/types\/post"}],"author":[{"embeddable":true,"href":"https:\/\/laserenaradio.cl\/web\/wp-json\/wp\/v2\/users\/2"}],"replies":[{"embeddable":true,"href":"https:\/\/laserenaradio.cl\/web\/wp-json\/wp\/v2\/comments?post=13604"}],"version-history":[{"count":1,"href":"https:\/\/laserenaradio.cl\/web\/wp-json\/wp\/v2\/posts\/13604\/revisions"}],"predecessor-version":[{"id":13605,"href":"https:\/\/laserenaradio.cl\/web\/wp-json\/wp\/v2\/posts\/13604\/revisions\/13605"}],"wp:featuredmedia":[{"embeddable":true,"href":"https:\/\/laserenaradio.cl\/web\/wp-json\/wp\/v2\/media\/13603"}],"wp:attachment":[{"href":"https:\/\/laserenaradio.cl\/web\/wp-json\/wp\/v2\/media?parent=13604"}],"wp:term":[{"taxonomy":"category","embeddable":true,"href":"https:\/\/laserenaradio.cl\/web\/wp-json\/wp\/v2\/categories?post=13604"},{"taxonomy":"post_tag","embeddable":true,"href":"https:\/\/laserenaradio.cl\/web\/wp-json\/wp\/v2\/tags?post=13604"}],"curies":[{"name":"wp","href":"https:\/\/api.w.org\/{rel}","templated":true}]}}