{"id":13598,"date":"2025-03-25T16:14:13","date_gmt":"2025-03-25T19:14:13","guid":{"rendered":"https:\/\/laserenaradio.cl\/web\/?p=13598"},"modified":"2025-03-25T16:14:13","modified_gmt":"2025-03-25T19:14:13","slug":"frente-amplio-rechaza-presiones-y-apunta-al-diputado-winter-como-posible-candidato","status":"publish","type":"post","link":"https:\/\/laserenaradio.cl\/web\/2025\/03\/25\/frente-amplio-rechaza-presiones-y-apunta-al-diputado-winter-como-posible-candidato\/","title":{"rendered":"Frente Amplio rechaza presiones y apunta al diputado Winter como posible candidato"},"content":{"rendered":"<p><b>El Frente Amplio rechaz\u00f3 sumarse a la campa\u00f1a de Carolina Toh\u00e1, frente a presiones desde el PPD<\/b><!--more-->.<\/p>\n<p>La tarea de encontrar un candidato propio para la primaria enfrenta obst\u00e1culos internos.<\/p>\n<p>A pesar de las alusiones a posibles apoyos, la direcci\u00f3n del partido mantiene su postura firme en levantar una candidatura independiente.<\/p>\n<p>El &#8220;no&#8221; definitivo del alcalde Tom\u00e1s Vodanovic y el diputado Gonzalo Winter ha dejado un vac\u00edo dentro de la colectividad, generando molestia entre sus bases.<\/p>\n<p>Personeros del PPD presionaron para que se sumaran a la campa\u00f1a de Toh\u00e1, pero la presidenta Constanza Mart\u00ednez y el secretario general Andr\u00e9s Couble descartaron esa opci\u00f3n en conversaciones con CNN.<\/p>\n<p>La intenci\u00f3n del Frente Amplio es levantar una candidatura propia, aunque el diputado Winter a\u00fan no ha asumido un papel activo.<\/p>\n<p>Algunos miembros internos sugieren que su postura podr\u00eda cambiar, considerando su importancia dentro de la organizaci\u00f3n.<\/p>\n<p>El senador Juan Ignacio Latorre destac\u00f3 que se est\u00e1n tomando las medidas necesarias para definir al candidato.<\/p>\n<p>Hasta el momento, la directiva del Frente Amplio no ha fijado una fecha para el pr\u00f3ximo pleno del Comit\u00e9 Central, lo que mantiene en suspenso la decisi\u00f3n final sobre qui\u00e9n ser\u00e1 su postulante presidencial.<\/p>\n","protected":false},"excerpt":{"rendered":"<p>El Frente Amplio rechaz\u00f3 sumarse a la campa\u00f1a de Carolina Toh\u00e1, frente a presiones desde el PPD<\/p>\n","protected":false},"author":2,"featured_media":13597,"comment_status":"closed","ping_status":"open","sticky":false,"template":"","format":"standard","meta":{"_jetpack_memberships_contains_paid_content":false,"jnews-multi-image_gallery":[],"jnews_single_post":[],"jnews_primary_category":[],"jnews_social_meta":[],"jnews_paywall_metabox":[],"jnews_review":[],"enable_review":"","type":"","name":"","summary":"","brand":"","sku":"","good":[],"bad":[],"score_override":"","override_value":"","rating":[],"price":[],"jnews_override_counter":[],"jnews_post_split":[],"footnotes":""},"categories":[83],"tags":[],"class_list":["post-13598","post","type-post","status-publish","format-standard","has-post-thumbnail","hentry","category-politica"],"jetpack_featured_media_url":"https:\/\/laserenaradio.cl\/web\/wp-content\/uploads\/2025\/03\/homepiaiextractoscrapimg_predeterminadalaserenaradio_politica-14.webp","jetpack_sharing_enabled":true,"_links":{"self":[{"href":"https:\/\/laserenaradio.cl\/web\/wp-json\/wp\/v2\/posts\/13598","targetHints":{"allow":["GET"]}}],"collection":[{"href":"https:\/\/laserenaradio.cl\/web\/wp-json\/wp\/v2\/posts"}],"about":[{"href":"https:\/\/laserenaradio.cl\/web\/wp-json\/wp\/v2\/types\/post"}],"author":[{"embeddable":true,"href":"https:\/\/laserenaradio.cl\/web\/wp-json\/wp\/v2\/users\/2"}],"replies":[{"embeddable":true,"href":"https:\/\/laserenaradio.cl\/web\/wp-json\/wp\/v2\/comments?post=13598"}],"version-history":[{"count":1,"href":"https:\/\/laserenaradio.cl\/web\/wp-json\/wp\/v2\/posts\/13598\/revisions"}],"predecessor-version":[{"id":13599,"href":"https:\/\/laserenaradio.cl\/web\/wp-json\/wp\/v2\/posts\/13598\/revisions\/13599"}],"wp:featuredmedia":[{"embeddable":true,"href":"https:\/\/laserenaradio.cl\/web\/wp-json\/wp\/v2\/media\/13597"}],"wp:attachment":[{"href":"https:\/\/laserenaradio.cl\/web\/wp-json\/wp\/v2\/media?parent=13598"}],"wp:term":[{"taxonomy":"category","embeddable":true,"href":"https:\/\/laserenaradio.cl\/web\/wp-json\/wp\/v2\/categories?post=13598"},{"taxonomy":"post_tag","embeddable":true,"href":"https:\/\/laserenaradio.cl\/web\/wp-json\/wp\/v2\/tags?post=13598"}],"curies":[{"name":"wp","href":"https:\/\/api.w.org\/{rel}","templated":true}]}}