{"id":13592,"date":"2025-03-25T16:04:12","date_gmt":"2025-03-25T19:04:12","guid":{"rendered":"https:\/\/laserenaradio.cl\/web\/?p=13592"},"modified":"2025-03-25T16:04:12","modified_gmt":"2025-03-25T19:04:12","slug":"se-busca-prohibir-en-chile-los-monumentos-y-espacios-publicos-con-el-nombre-de-augusto-pinochet","status":"publish","type":"post","link":"https:\/\/laserenaradio.cl\/web\/2025\/03\/25\/se-busca-prohibir-en-chile-los-monumentos-y-espacios-publicos-con-el-nombre-de-augusto-pinochet\/","title":{"rendered":"Se busca prohibir en Chile los monumentos y espacios p\u00fablicos con el nombre de Augusto Pinochet"},"content":{"rendered":"<p><b>Los diputados Tom\u00e1s Hirsch y Ana Mar\u00eda Gazmuri presentaron un proyecto de ley que proh\u00edbe erigir monumentos, nombrar plazas o calles con el nombre de Augusto Pinochet<\/b><!--more-->.<\/p>\n<p>La iniciativa consta de un art\u00edculo \u00fanico que establece: &#8220;Proh\u00edbase en todo el territorio nacional el uso del nombre completo o una parte de este del Dictador Augusto Pinochet Ugarte para nombrar avenidas, calles, pasajes, plazas, plazuelas u otros tipos de equipamiento p\u00fablico. Cualquier acto que exalte la figura de Pinochet ser\u00e1 nula de pleno derecho&#8221;.<\/p>\n<p>En declaraciones al respecto, Hirsch expres\u00f3: &#8220;Estamos hablando de alguien que fue un dictador y viol\u00f3 sistem\u00e1ticamente los derechos humanos, constatado en documentos oficiales&#8221;. Gazmuri, por su parte, afirm\u00f3 que &#8220;es impresentable someter al pa\u00eds a la verg\u00fcenza de homenajear con plazas o avenidas a sus peores delincuentes. As\u00ed como no hay un parque Hitler o una plaza Idi Amin, nos negamos a que en Chile se nombre una Avenida Augusto Pinochet&#8221;.<\/p>\n<p>Ambos legisladores esperan que la moci\u00f3n sea aprobada no solo por esta c\u00e1mara sino tambi\u00e9n con el apoyo un\u00e1nime del gobierno.<\/p>\n<p>&#8220;Queremos estar alineados con pa\u00edses como Alemania y Austria, que proh\u00edben nombrar calles o lugares p\u00fablicos con nombres de criminales de lesa humanidad&#8221;, a\u00f1adi\u00f3 Gazmuri.<\/p>\n","protected":false},"excerpt":{"rendered":"<p>Los diputados Tom\u00e1s Hirsch y Ana Mar\u00eda Gazmuri presentaron un proyecto de ley que proh\u00edbe erigir monumentos, nombrar plazas o calles con el nombre de Augusto Pinochet<\/p>\n","protected":false},"author":2,"featured_media":13591,"comment_status":"closed","ping_status":"open","sticky":false,"template":"","format":"standard","meta":{"_jetpack_memberships_contains_paid_content":false,"jnews-multi-image_gallery":[],"jnews_single_post":[],"jnews_primary_category":[],"jnews_social_meta":[],"jnews_paywall_metabox":[],"jnews_review":[],"enable_review":"","type":"","name":"","summary":"","brand":"","sku":"","good":[],"bad":[],"score_override":"","override_value":"","rating":[],"price":[],"jnews_override_counter":[],"jnews_post_split":[],"footnotes":""},"categories":[83],"tags":[],"class_list":["post-13592","post","type-post","status-publish","format-standard","has-post-thumbnail","hentry","category-politica"],"jetpack_featured_media_url":"https:\/\/laserenaradio.cl\/web\/wp-content\/uploads\/2025\/03\/homepiaiextractoscrapimg_predeterminadalaserenaradio_politica-13.webp","jetpack_sharing_enabled":true,"_links":{"self":[{"href":"https:\/\/laserenaradio.cl\/web\/wp-json\/wp\/v2\/posts\/13592","targetHints":{"allow":["GET"]}}],"collection":[{"href":"https:\/\/laserenaradio.cl\/web\/wp-json\/wp\/v2\/posts"}],"about":[{"href":"https:\/\/laserenaradio.cl\/web\/wp-json\/wp\/v2\/types\/post"}],"author":[{"embeddable":true,"href":"https:\/\/laserenaradio.cl\/web\/wp-json\/wp\/v2\/users\/2"}],"replies":[{"embeddable":true,"href":"https:\/\/laserenaradio.cl\/web\/wp-json\/wp\/v2\/comments?post=13592"}],"version-history":[{"count":1,"href":"https:\/\/laserenaradio.cl\/web\/wp-json\/wp\/v2\/posts\/13592\/revisions"}],"predecessor-version":[{"id":13593,"href":"https:\/\/laserenaradio.cl\/web\/wp-json\/wp\/v2\/posts\/13592\/revisions\/13593"}],"wp:featuredmedia":[{"embeddable":true,"href":"https:\/\/laserenaradio.cl\/web\/wp-json\/wp\/v2\/media\/13591"}],"wp:attachment":[{"href":"https:\/\/laserenaradio.cl\/web\/wp-json\/wp\/v2\/media?parent=13592"}],"wp:term":[{"taxonomy":"category","embeddable":true,"href":"https:\/\/laserenaradio.cl\/web\/wp-json\/wp\/v2\/categories?post=13592"},{"taxonomy":"post_tag","embeddable":true,"href":"https:\/\/laserenaradio.cl\/web\/wp-json\/wp\/v2\/tags?post=13592"}],"curies":[{"name":"wp","href":"https:\/\/api.w.org\/{rel}","templated":true}]}}