{"id":13586,"date":"2025-03-25T15:37:23","date_gmt":"2025-03-25T18:37:23","guid":{"rendered":"https:\/\/laserenaradio.cl\/web\/?p=13586"},"modified":"2025-03-25T15:37:23","modified_gmt":"2025-03-25T18:37:23","slug":"detienen-a-diputada-consuelo-veloso-por-conduccion-en-estado-de-ebriedad-tras-un-robo-a-su-vehiculo","status":"publish","type":"post","link":"https:\/\/laserenaradio.cl\/web\/2025\/03\/25\/detienen-a-diputada-consuelo-veloso-por-conduccion-en-estado-de-ebriedad-tras-un-robo-a-su-vehiculo\/","title":{"rendered":"Detienen a diputada Consuelo Veloso por conducci\u00f3n en estado de ebriedad tras un robo a su veh\u00edculo."},"content":{"rendered":"<p><b>Durante la madrugada del 25 de marzo, Consuelo Veloso, diputada por Valpara\u00edso, fue v\u00edctima de un robo con violencia mientras se encontraba en el sector de Avenida San Mart\u00edn de Vi\u00f1a del Mar<\/b><!--more-->.<\/p>\n<p>Seg\u00fan su comunicado, Veloso se hab\u00eda alojado temporalmente en un domicilio sin haber conducido en las \u00faltimas ocho horas. Sin embargo, al salir a buscar sus pertenencias, descubri\u00f3 que dos sujetos se hab\u00edan introducido en su veh\u00edculo. En el intento de proteger sus dispositivos electr\u00f3nicos y documentos valiosos, Veloso fue agredida violentamente.<\/p>\n<p>Como consecuencia del shock y la agresi\u00f3n, el autom\u00f3vil de la diputada colision\u00f3 con una bermuda, resultando lesiones en su rostro. Ante esta situaci\u00f3n inesperada, <a href=\"https:\/\/www.carabineros.cl\/\">Carabineros<\/a> acudi\u00f3 al lugar y procedi\u00f3 a realizarle una prueba respiratoria que arroj\u00f3 positivo para alcohol. Por ello fue detenida, aunque posteriormente liberada por la <a href=\"https:\/\/www.fiscaliadechile.cl\/\">Fiscal\u00eda<\/a>.<\/p>\n<p>Para tratar sus heridas, Veloso se traslad\u00f3 al Hospital Gustavo Fricke, donde result\u00f3 con una fractura nasal.<\/p>\n<p>Jaime S\u00e1ez, diputado y jefe del comit\u00e9 del Frente Amplio, inform\u00f3 sobre la lesi\u00f3n sufrida por la parlamentaria.<\/p>\n<p>A pesar de las circunstancias, la investigaci\u00f3n continuar\u00e1 para determinar si Veloso actu\u00f3 bajo los efectos del alcohol o como una v\u00edctima de la delincuencia.<\/p>\n","protected":false},"excerpt":{"rendered":"<p>Durante la madrugada del 25 de marzo, Consuelo Veloso, diputada por Valpara\u00edso, fue v\u00edctima de un robo con violencia mientras se encontraba en el sector de Avenida San Mart\u00edn de Vi\u00f1a del Mar<\/p>\n","protected":false},"author":2,"featured_media":13585,"comment_status":"closed","ping_status":"open","sticky":false,"template":"","format":"standard","meta":{"_jetpack_memberships_contains_paid_content":false,"jnews-multi-image_gallery":[],"jnews_single_post":[],"jnews_primary_category":[],"jnews_social_meta":[],"jnews_paywall_metabox":[],"jnews_review":[],"enable_review":"","type":"","name":"","summary":"","brand":"","sku":"","good":[],"bad":[],"score_override":"","override_value":"","rating":[],"price":[],"jnews_override_counter":[],"jnews_post_split":[],"footnotes":""},"categories":[83],"tags":[],"class_list":["post-13586","post","type-post","status-publish","format-standard","has-post-thumbnail","hentry","category-politica"],"jetpack_featured_media_url":"https:\/\/laserenaradio.cl\/web\/wp-content\/uploads\/2025\/03\/homepiaiextractoscrapimg_webpVelosodiputadaroboConsueloVeloso_1.webp","jetpack_sharing_enabled":true,"_links":{"self":[{"href":"https:\/\/laserenaradio.cl\/web\/wp-json\/wp\/v2\/posts\/13586","targetHints":{"allow":["GET"]}}],"collection":[{"href":"https:\/\/laserenaradio.cl\/web\/wp-json\/wp\/v2\/posts"}],"about":[{"href":"https:\/\/laserenaradio.cl\/web\/wp-json\/wp\/v2\/types\/post"}],"author":[{"embeddable":true,"href":"https:\/\/laserenaradio.cl\/web\/wp-json\/wp\/v2\/users\/2"}],"replies":[{"embeddable":true,"href":"https:\/\/laserenaradio.cl\/web\/wp-json\/wp\/v2\/comments?post=13586"}],"version-history":[{"count":1,"href":"https:\/\/laserenaradio.cl\/web\/wp-json\/wp\/v2\/posts\/13586\/revisions"}],"predecessor-version":[{"id":13587,"href":"https:\/\/laserenaradio.cl\/web\/wp-json\/wp\/v2\/posts\/13586\/revisions\/13587"}],"wp:featuredmedia":[{"embeddable":true,"href":"https:\/\/laserenaradio.cl\/web\/wp-json\/wp\/v2\/media\/13585"}],"wp:attachment":[{"href":"https:\/\/laserenaradio.cl\/web\/wp-json\/wp\/v2\/media?parent=13586"}],"wp:term":[{"taxonomy":"category","embeddable":true,"href":"https:\/\/laserenaradio.cl\/web\/wp-json\/wp\/v2\/categories?post=13586"},{"taxonomy":"post_tag","embeddable":true,"href":"https:\/\/laserenaradio.cl\/web\/wp-json\/wp\/v2\/tags?post=13586"}],"curies":[{"name":"wp","href":"https:\/\/api.w.org\/{rel}","templated":true}]}}