{"id":13574,"date":"2025-03-25T12:01:20","date_gmt":"2025-03-25T15:01:20","guid":{"rendered":"https:\/\/laserenaradio.cl\/web\/?p=13574"},"modified":"2025-03-25T12:01:20","modified_gmt":"2025-03-25T15:01:20","slug":"kast-y-squella-presentan-paquete-de-alivio-tributario-para-las-pymes","status":"publish","type":"post","link":"https:\/\/laserenaradio.cl\/web\/2025\/03\/25\/kast-y-squella-presentan-paquete-de-alivio-tributario-para-las-pymes\/","title":{"rendered":"Kast y Squella presentan paquete de alivio tributario para las Pymes"},"content":{"rendered":"<p><b>Partiendo de la base de que en Chile &#8220;las Pymes son el coraz\u00f3n de la econom\u00eda&#8221;, el candidato presidencial del Partido Republicano, Jos\u00e9 Antonio Kast, y su colectividad dieron a conocer este martes una serie de medidas de alivio tributario para este sector que representa cerca del 98% de las empresas del pa\u00eds<\/b><!--more-->.<\/p>\n<p>Estas propuestas buscan mitigar la carga actualmente &#8220;asfixiante&#8221; sobre las peque\u00f1as y medianas empresas.<\/p>\n<p>El paquete de propuestas contempla cuatro medidas clave.<\/p>\n<p>En primer lugar, Kast y Squella proponen aplazar el pago del IVA hasta el 30 de cada mes y posponer la declaraci\u00f3n de renta del 30 de abril al 30 de mayo; adem\u00e1s, permitir\u00e1n a las Pymes postergar anualmente el IVA sin multas ni reajustes, mediante un procedimiento simple, autom\u00e1tico y sin tr\u00e1mites burocr\u00e1ticos.<\/p>\n<p>Asimismo, se propone establecer el pago del IVA seg\u00fan la fecha del cobro de la factura, considerando el d\u00e9bito fiscal desde la fecha de pago efectivo, no de emisi\u00f3n, en un sistema similar al de r\u00e9gimen de caja del IVA como en Espa\u00f1a; esta \u00faltima propuesta requiere una modificaci\u00f3n legal.<\/p>\n<p>Finalmente, Kast y Squella plantearon la retenci\u00f3n de impuestos en contratos con el Estado. Esto significa que este \u00faltimo retendr\u00e1 y pagar\u00e1 el IVA y el Pago Provisional Mensual (PPM) cuando contrate con Pymes, disminuyendo as\u00ed la carga administrativa y mejorando su liquidez; aunque esta medida tambi\u00e9n requiere la modificaci\u00f3n del DL 824 y DL 825.<\/p>\n<p>A partir de estas propuestas, Kast exigi\u00f3 al Gobierno que impulse con urgencia estas medidas, que &#8220;s\u00f3lo requieren de voluntad pol\u00edtica&#8221; para su implementaci\u00f3n, ya que se pueden hacer mediante decreto o reformas simples.<\/p>\n<p>&#8220;Las Pymes no pueden seguir esperando&#8221;, concluy\u00f3 el candidato.<\/p>\n","protected":false},"excerpt":{"rendered":"<p>Partiendo de la base de que en Chile &#8220;las Pymes son el coraz\u00f3n de la econom\u00eda&#8221;, el candidato presidencial del Partido Republicano, Jos\u00e9 Antonio Kast, y su colectividad dieron a conocer este martes una serie de medidas de alivio tributario para este sector que representa cerca del 98% de las empresas del pa\u00eds<\/p>\n","protected":false},"author":2,"featured_media":13573,"comment_status":"closed","ping_status":"open","sticky":false,"template":"","format":"standard","meta":{"_jetpack_memberships_contains_paid_content":false,"jnews-multi-image_gallery":[],"jnews_single_post":[],"jnews_primary_category":[],"jnews_social_meta":[],"jnews_paywall_metabox":[],"jnews_review":[],"enable_review":"","type":"","name":"","summary":"","brand":"","sku":"","good":[],"bad":[],"score_override":"","override_value":"","rating":[],"price":[],"jnews_override_counter":[],"jnews_post_split":[],"footnotes":""},"categories":[83],"tags":[],"class_list":["post-13574","post","type-post","status-publish","format-standard","has-post-thumbnail","hentry","category-politica"],"jetpack_featured_media_url":"https:\/\/laserenaradio.cl\/web\/wp-content\/uploads\/2025\/03\/homepiaiextractoscrapimg_webpKastSquella_1.webp","jetpack_sharing_enabled":true,"_links":{"self":[{"href":"https:\/\/laserenaradio.cl\/web\/wp-json\/wp\/v2\/posts\/13574","targetHints":{"allow":["GET"]}}],"collection":[{"href":"https:\/\/laserenaradio.cl\/web\/wp-json\/wp\/v2\/posts"}],"about":[{"href":"https:\/\/laserenaradio.cl\/web\/wp-json\/wp\/v2\/types\/post"}],"author":[{"embeddable":true,"href":"https:\/\/laserenaradio.cl\/web\/wp-json\/wp\/v2\/users\/2"}],"replies":[{"embeddable":true,"href":"https:\/\/laserenaradio.cl\/web\/wp-json\/wp\/v2\/comments?post=13574"}],"version-history":[{"count":1,"href":"https:\/\/laserenaradio.cl\/web\/wp-json\/wp\/v2\/posts\/13574\/revisions"}],"predecessor-version":[{"id":13575,"href":"https:\/\/laserenaradio.cl\/web\/wp-json\/wp\/v2\/posts\/13574\/revisions\/13575"}],"wp:featuredmedia":[{"embeddable":true,"href":"https:\/\/laserenaradio.cl\/web\/wp-json\/wp\/v2\/media\/13573"}],"wp:attachment":[{"href":"https:\/\/laserenaradio.cl\/web\/wp-json\/wp\/v2\/media?parent=13574"}],"wp:term":[{"taxonomy":"category","embeddable":true,"href":"https:\/\/laserenaradio.cl\/web\/wp-json\/wp\/v2\/categories?post=13574"},{"taxonomy":"post_tag","embeddable":true,"href":"https:\/\/laserenaradio.cl\/web\/wp-json\/wp\/v2\/tags?post=13574"}],"curies":[{"name":"wp","href":"https:\/\/api.w.org\/{rel}","templated":true}]}}