{"id":13571,"date":"2025-03-25T11:58:18","date_gmt":"2025-03-25T14:58:18","guid":{"rendered":"https:\/\/laserenaradio.cl\/web\/?p=13571"},"modified":"2025-03-25T11:58:18","modified_gmt":"2025-03-25T14:58:18","slug":"el-senado-mantiene-el-umbral-del-5-para-obtener-escanos-en-diputadas-y-diputados","status":"publish","type":"post","link":"https:\/\/laserenaradio.cl\/web\/2025\/03\/25\/el-senado-mantiene-el-umbral-del-5-para-obtener-escanos-en-diputadas-y-diputados\/","title":{"rendered":"El Senado mantiene el umbral del 5% para obtener esca\u00f1os en Diputadas y Diputados"},"content":{"rendered":"<p><b>La comisi\u00f3n de Constituci\u00f3n del Senado respald\u00f3 el umbral del 5% para esca\u00f1os legislativos, manteniendo restricciones para partidos pol\u00edticos<\/b><!--more-->.<\/p>\n<p>Esta reforma forma parte de un proyecto transversal que busca reducir la fragmentaci\u00f3n pol\u00edtica en Chile.<\/p>\n<p>Con esta f\u00f3rmula, solo los partidos con al menos ocho legisladores o el 5% de los votos nacionales podr\u00e1n participar en la asignaci\u00f3n de esca\u00f1os. Las colectividades inferiores perder\u00e1n sus esca\u00f1os y estos ser\u00e1n redistribuidos entre otros partidos del mismo pacto.<\/p>\n<p>Durante las deliberaciones, senadoras como Claudia Pascual (PC) criticaron la medida por potencialmente excluir visiones de pa\u00eds. Sin embargo, defensores como Luz Ebensperger (UDI) sostuvieron que el umbral es inherente al proyecto y necesario para reducir la fragmentaci\u00f3n.<\/p>\n<p>El senador Alfonso De Urresti defendi\u00f3 la reforma, mientras que en La Moneda, todos los directivos de la Alianza de Gobierno rechazaron la medida.<\/p>\n<p>A pesar del apoyo en el Senado, la C\u00e1mara Baja muestra resistencia con propuestas alternativas como una ley de federaciones.<\/p>\n<p>Adem\u00e1s, se aprob\u00f3 que sea una ley org\u00e1nica la que establezca los requisitos para formar y disolver partidos pol\u00edticos, as\u00ed como las normas para su financiamiento. Se elimin\u00f3 tambi\u00e9n la restricci\u00f3n que imped\u00eda a dirigentes gremiales o vecinales ser candidatos si no renunciaban con un a\u00f1o de anticipaci\u00f3n.<\/p>\n<p>La redacci\u00f3n de causales de cesaci\u00f3n del cargo parlamentario quedar\u00e1 para una pr\u00f3xima sesi\u00f3n en mi\u00e9rcoles.<\/p>\n","protected":false},"excerpt":{"rendered":"<p>La comisi\u00f3n de Constituci\u00f3n del Senado respald\u00f3 el umbral del 5% para esca\u00f1os legislativos, manteniendo restricciones para partidos pol\u00edticos<\/p>\n","protected":false},"author":2,"featured_media":13570,"comment_status":"closed","ping_status":"open","sticky":false,"template":"","format":"standard","meta":{"_jetpack_memberships_contains_paid_content":false,"jnews-multi-image_gallery":[],"jnews_single_post":[],"jnews_primary_category":[],"jnews_social_meta":[],"jnews_paywall_metabox":[],"jnews_review":[],"enable_review":"","type":"","name":"","summary":"","brand":"","sku":"","good":[],"bad":[],"score_override":"","override_value":"","rating":[],"price":[],"jnews_override_counter":[],"jnews_post_split":[],"footnotes":""},"categories":[83],"tags":[],"class_list":["post-13571","post","type-post","status-publish","format-standard","has-post-thumbnail","hentry","category-politica"],"jetpack_featured_media_url":"https:\/\/laserenaradio.cl\/web\/wp-content\/uploads\/2025\/03\/homepiaiextractoscrapimg_webpSenadoDiputadas_1.webp","jetpack_sharing_enabled":true,"_links":{"self":[{"href":"https:\/\/laserenaradio.cl\/web\/wp-json\/wp\/v2\/posts\/13571","targetHints":{"allow":["GET"]}}],"collection":[{"href":"https:\/\/laserenaradio.cl\/web\/wp-json\/wp\/v2\/posts"}],"about":[{"href":"https:\/\/laserenaradio.cl\/web\/wp-json\/wp\/v2\/types\/post"}],"author":[{"embeddable":true,"href":"https:\/\/laserenaradio.cl\/web\/wp-json\/wp\/v2\/users\/2"}],"replies":[{"embeddable":true,"href":"https:\/\/laserenaradio.cl\/web\/wp-json\/wp\/v2\/comments?post=13571"}],"version-history":[{"count":1,"href":"https:\/\/laserenaradio.cl\/web\/wp-json\/wp\/v2\/posts\/13571\/revisions"}],"predecessor-version":[{"id":13572,"href":"https:\/\/laserenaradio.cl\/web\/wp-json\/wp\/v2\/posts\/13571\/revisions\/13572"}],"wp:featuredmedia":[{"embeddable":true,"href":"https:\/\/laserenaradio.cl\/web\/wp-json\/wp\/v2\/media\/13570"}],"wp:attachment":[{"href":"https:\/\/laserenaradio.cl\/web\/wp-json\/wp\/v2\/media?parent=13571"}],"wp:term":[{"taxonomy":"category","embeddable":true,"href":"https:\/\/laserenaradio.cl\/web\/wp-json\/wp\/v2\/categories?post=13571"},{"taxonomy":"post_tag","embeddable":true,"href":"https:\/\/laserenaradio.cl\/web\/wp-json\/wp\/v2\/tags?post=13571"}],"curies":[{"name":"wp","href":"https:\/\/api.w.org\/{rel}","templated":true}]}}