{"id":13549,"date":"2025-03-24T15:50:04","date_gmt":"2025-03-24T18:50:04","guid":{"rendered":"https:\/\/laserenaradio.cl\/web\/?p=13549"},"modified":"2025-03-24T15:50:04","modified_gmt":"2025-03-24T18:50:04","slug":"la-ex-alcaldesa-iraci-hassler-pedira-audiencia-para-proteger-su-privacidad-digital","status":"publish","type":"post","link":"https:\/\/laserenaradio.cl\/web\/2025\/03\/24\/la-ex-alcaldesa-iraci-hassler-pedira-audiencia-para-proteger-su-privacidad-digital\/","title":{"rendered":"La ex alcaldesa Irac\u00ed Hassler pedir\u00e1 audiencia para proteger su privacidad digital"},"content":{"rendered":"<p><b>El S\u00e9ptimo Juzgado de Garant\u00eda de Santiago ha programado para el pr\u00f3ximo 27 de marzo la audiencia de cautela de garant\u00edas a favor de Irac\u00ed Hassler, exalcaldesa de Santiago<\/b><!--more-->.<\/p>\n<p>En esta audiencia, prevista para las 9 de la ma\u00f1ana, Hassler intentar\u00e1 obtener la protecci\u00f3n judicial de sus chats como parte de la investigaci\u00f3n relacionada con el caso de filtraciones.<\/p>\n<p>Durante este proceso, Hassler buscar\u00e1 cautelar sus comunicaciones digitales para evitar posibles violaciones a su privacidad mientras se desarrolla la investigaci\u00f3n. La audiencia es crucial en el marco del esc\u00e1ndalo de filtraciones que ha involucrado a la exjefa comunal en los \u00faltimos meses.<\/p>\n<p>Esta medida cautelar busca preservar la integridad y confidencialidad de las conversaciones de Hassler, asegurando que no sean objeto de inspecci\u00f3n ni divulgaci\u00f3n sin el debido proceso legal.<\/p>\n<p>La audiencia representa un paso importante en el seguimiento de la investigaci\u00f3n y en la protecci\u00f3n del derecho a la privacidad de la exalcaldesa.<\/p>\n<p>La cautela de garant\u00edas es un procedimiento judicial dise\u00f1ado para proteger los derechos fundamentales de las personas mientras se desarrolla una investigaci\u00f3n, particularmente en casos complejos como este.<\/p>\n<p>Hassler presentar\u00e1 sus argumentos para justificar esta solicitud ante el S\u00e9ptimo Juzgado de Garant\u00eda, con la esperanza de garantizar que su privacidad no sea vulnerada durante el proceso judicial.<\/p>\n","protected":false},"excerpt":{"rendered":"<p>El S\u00e9ptimo Juzgado de Garant\u00eda de Santiago ha programado para el pr\u00f3ximo 27 de marzo la audiencia de cautela de garant\u00edas a favor de Irac\u00ed Hassler, exalcaldesa de Santiago<\/p>\n","protected":false},"author":2,"featured_media":13548,"comment_status":"closed","ping_status":"open","sticky":false,"template":"","format":"standard","meta":{"_jetpack_memberships_contains_paid_content":false,"jnews-multi-image_gallery":[],"jnews_single_post":[],"jnews_primary_category":[],"jnews_social_meta":[],"jnews_paywall_metabox":[],"jnews_review":[],"enable_review":"","type":"","name":"","summary":"","brand":"","sku":"","good":[],"bad":[],"score_override":"","override_value":"","rating":[],"price":[],"jnews_override_counter":[],"jnews_post_split":[],"footnotes":""},"categories":[83],"tags":[],"class_list":["post-13549","post","type-post","status-publish","format-standard","has-post-thumbnail","hentry","category-politica"],"jetpack_featured_media_url":"https:\/\/laserenaradio.cl\/web\/wp-content\/uploads\/2025\/03\/homepiaiextractoscrapimg_webpHassleraudienciaprivacidadjudicial_1.webp","jetpack_sharing_enabled":true,"_links":{"self":[{"href":"https:\/\/laserenaradio.cl\/web\/wp-json\/wp\/v2\/posts\/13549","targetHints":{"allow":["GET"]}}],"collection":[{"href":"https:\/\/laserenaradio.cl\/web\/wp-json\/wp\/v2\/posts"}],"about":[{"href":"https:\/\/laserenaradio.cl\/web\/wp-json\/wp\/v2\/types\/post"}],"author":[{"embeddable":true,"href":"https:\/\/laserenaradio.cl\/web\/wp-json\/wp\/v2\/users\/2"}],"replies":[{"embeddable":true,"href":"https:\/\/laserenaradio.cl\/web\/wp-json\/wp\/v2\/comments?post=13549"}],"version-history":[{"count":1,"href":"https:\/\/laserenaradio.cl\/web\/wp-json\/wp\/v2\/posts\/13549\/revisions"}],"predecessor-version":[{"id":13550,"href":"https:\/\/laserenaradio.cl\/web\/wp-json\/wp\/v2\/posts\/13549\/revisions\/13550"}],"wp:featuredmedia":[{"embeddable":true,"href":"https:\/\/laserenaradio.cl\/web\/wp-json\/wp\/v2\/media\/13548"}],"wp:attachment":[{"href":"https:\/\/laserenaradio.cl\/web\/wp-json\/wp\/v2\/media?parent=13549"}],"wp:term":[{"taxonomy":"category","embeddable":true,"href":"https:\/\/laserenaradio.cl\/web\/wp-json\/wp\/v2\/categories?post=13549"},{"taxonomy":"post_tag","embeddable":true,"href":"https:\/\/laserenaradio.cl\/web\/wp-json\/wp\/v2\/tags?post=13549"}],"curies":[{"name":"wp","href":"https:\/\/api.w.org\/{rel}","templated":true}]}}