{"id":13546,"date":"2025-03-24T15:32:07","date_gmt":"2025-03-24T18:32:07","guid":{"rendered":"https:\/\/laserenaradio.cl\/web\/?p=13546"},"modified":"2025-03-24T15:32:07","modified_gmt":"2025-03-24T18:32:07","slug":"la-guerra-entre-partidos-molestia-generan-declaraciones-de-toha-sobre-jadue","status":"publish","type":"post","link":"https:\/\/laserenaradio.cl\/web\/2025\/03\/24\/la-guerra-entre-partidos-molestia-generan-declaraciones-de-toha-sobre-jadue\/","title":{"rendered":"La guerra entre partidos: Molestia generan declaraciones de Toh\u00e1 sobre Jadue"},"content":{"rendered":"<p><b>En el Partido Comunista (PC), surgieron nuevas molestias tras las recientes cr\u00edticas de Carolina Toh\u00e1, precandidata presidencial del PPD, hacia el exalcalde Daniel Jadue<\/b><!--more-->.<\/p>\n<p>Toh\u00e1 acus\u00f3 a Jadue de ser un &#8220;defensor personal del proceso pol\u00edtico de Venezuela&#8221;, lo cual no es la primera vez que cuestiona al l\u00edder pol\u00edtico.<\/p>\n<p>Jadue podr\u00eda postularse como candidato presidencial para el PC, situaci\u00f3n que ha generado incertidumbre y malestar entre los miembros del PPD. Toh\u00e1 ha expresado su \u201cincomodidad\u201d al pensar en participar en una primaria con Jadue.<\/p>\n<p>Lautaro Carmona, presidente del PC, declar\u00f3 que esas declaraciones \u201cno contribuyen al proceso unitario\u201d. En tanto, Paulina Vodanovic, presidenta del Partido Socialista, consider\u00f3 que la unidad pol\u00edtica debe ser prioridad en estos momentos.<\/p>\n<p>Durante una reuni\u00f3n entre los l\u00edderes del oficialismo este lunes, Carmona reiter\u00f3 la independencia de decisiones del PC.<\/p>\n<p>Crist\u00f3bal Barra, vicepresidente del PPD, resalt\u00f3 el respeto a las elecciones internas del PC y admiti\u00f3 la \u201cincomodidad\u201d existente en su partido.<\/p>\n<p>Esta situaci\u00f3n refleja las tensiones que persisten entre los partidos pol\u00edticos chilenos y podr\u00eda influir en el escenario electoral de cara al a\u00f1o pr\u00f3ximo.<\/p>\n","protected":false},"excerpt":{"rendered":"<p>En el Partido Comunista (PC), surgieron nuevas molestias tras las recientes cr\u00edticas de Carolina Toh\u00e1, precandidata presidencial del PPD, hacia el exalcalde Daniel Jadue<\/p>\n","protected":false},"author":2,"featured_media":13545,"comment_status":"closed","ping_status":"open","sticky":false,"template":"","format":"standard","meta":{"_jetpack_memberships_contains_paid_content":false,"jnews-multi-image_gallery":[],"jnews_single_post":[],"jnews_primary_category":[],"jnews_social_meta":[],"jnews_paywall_metabox":[],"jnews_review":[],"enable_review":"","type":"","name":"","summary":"","brand":"","sku":"","good":[],"bad":[],"score_override":"","override_value":"","rating":[],"price":[],"jnews_override_counter":[],"jnews_post_split":[],"footnotes":""},"categories":[83],"tags":[],"class_list":["post-13546","post","type-post","status-publish","format-standard","has-post-thumbnail","hentry","category-politica"],"jetpack_featured_media_url":"https:\/\/laserenaradio.cl\/web\/wp-content\/uploads\/2025\/03\/homepiaiextractoscrapimg_webpJaduePartidoComunistaCarolinapresidencial_0.webp","jetpack_sharing_enabled":true,"_links":{"self":[{"href":"https:\/\/laserenaradio.cl\/web\/wp-json\/wp\/v2\/posts\/13546","targetHints":{"allow":["GET"]}}],"collection":[{"href":"https:\/\/laserenaradio.cl\/web\/wp-json\/wp\/v2\/posts"}],"about":[{"href":"https:\/\/laserenaradio.cl\/web\/wp-json\/wp\/v2\/types\/post"}],"author":[{"embeddable":true,"href":"https:\/\/laserenaradio.cl\/web\/wp-json\/wp\/v2\/users\/2"}],"replies":[{"embeddable":true,"href":"https:\/\/laserenaradio.cl\/web\/wp-json\/wp\/v2\/comments?post=13546"}],"version-history":[{"count":1,"href":"https:\/\/laserenaradio.cl\/web\/wp-json\/wp\/v2\/posts\/13546\/revisions"}],"predecessor-version":[{"id":13547,"href":"https:\/\/laserenaradio.cl\/web\/wp-json\/wp\/v2\/posts\/13546\/revisions\/13547"}],"wp:featuredmedia":[{"embeddable":true,"href":"https:\/\/laserenaradio.cl\/web\/wp-json\/wp\/v2\/media\/13545"}],"wp:attachment":[{"href":"https:\/\/laserenaradio.cl\/web\/wp-json\/wp\/v2\/media?parent=13546"}],"wp:term":[{"taxonomy":"category","embeddable":true,"href":"https:\/\/laserenaradio.cl\/web\/wp-json\/wp\/v2\/categories?post=13546"},{"taxonomy":"post_tag","embeddable":true,"href":"https:\/\/laserenaradio.cl\/web\/wp-json\/wp\/v2\/tags?post=13546"}],"curies":[{"name":"wp","href":"https:\/\/api.w.org\/{rel}","templated":true}]}}