{"id":13543,"date":"2025-03-24T15:00:18","date_gmt":"2025-03-24T18:00:18","guid":{"rendered":"https:\/\/laserenaradio.cl\/web\/?p=13543"},"modified":"2025-03-24T15:00:18","modified_gmt":"2025-03-24T18:00:18","slug":"hallan-cuerpo-con-impactos-de-bala-en-canal-de-regadio-en-penaflor","status":"publish","type":"post","link":"https:\/\/laserenaradio.cl\/web\/2025\/03\/24\/hallan-cuerpo-con-impactos-de-bala-en-canal-de-regadio-en-penaflor\/","title":{"rendered":"Hallan cuerpo con impactos de bala en canal de regad\u00edo en Pe\u00f1aflor"},"content":{"rendered":"<p><b>En la comuna de Pe\u00f1aflor, regi\u00f3n Metropolitana, la <a href=\"https:\/\/www.fiscaliadechile.cl\/\">Fiscal\u00eda<\/a> ECOH y personal <a href=\"https:\/\/www.pdichile.cl\/\">PDI<\/a> llevan a cabo una minuciosa investigaci\u00f3n relacionada con el hallazgo de un cad\u00e1ver dentro de un canal de regad\u00edo<\/b><!--more-->.<\/p>\n<p>El cuerpo fue localizado por un trabajador en la Ruta 78, espec\u00edficamente alrededor del km 30, cerca de la empresa Bodegas Malloco.<\/p>\n<p>Seg\u00fan informaci\u00f3n preliminar, se trata de un hombre que presentar\u00eda al menos cinco impactos de bala en la zona cervical y extremidades superiores. Adem\u00e1s, presenta lesiones sugestivas de golpes o arrastre por el agua del canal.<\/p>\n<p>La comisaria P\u00eda Molina, de la BH Metropolitana, proporcion\u00f3 detalles preliminares sobre el hallazgo, explicando que se trata de un sujeto adulto masculino fallecido con m\u00faltiples heridas bal\u00edsticas.<\/p>\n<p>Por su parte, Pamela Ponce, fiscal ECOH (s), confirm\u00f3 que las diligencias del caso est\u00e1n a cargo de la Brigada de Homicidios (BH) de la <a href=\"https:\/\/www.pdichile.cl\/\">PDI<\/a>.<\/p>\n<p>Se est\u00e1 investigando el momento exacto y las circunstancias en que ocurri\u00f3 el fallecimiento y se buscan esclarecer las posibles causas.<\/p>\n<p>No se han encontrado evidencias bal\u00edsticas en el lugar del hallazgo, lo cual podr\u00eda ser un elemento relevante para el desenlace de la investigaci\u00f3n.<\/p>\n","protected":false},"excerpt":{"rendered":"<p>En la comuna de Pe\u00f1aflor, regi\u00f3n Metropolitana, la Fiscal\u00eda ECOH y personal PDI llevan a cabo una minuciosa investigaci\u00f3n relacionada con el hallazgo de un cad\u00e1ver dentro de un canal de regad\u00edo<\/p>\n","protected":false},"author":2,"featured_media":13542,"comment_status":"closed","ping_status":"open","sticky":false,"template":"","format":"standard","meta":{"_jetpack_memberships_contains_paid_content":false,"jnews-multi-image_gallery":[],"jnews_single_post":[],"jnews_primary_category":[],"jnews_social_meta":[],"jnews_paywall_metabox":[],"jnews_review":[],"enable_review":"","type":"","name":"","summary":"","brand":"","sku":"","good":[],"bad":[],"score_override":"","override_value":"","rating":[],"price":[],"jnews_override_counter":[],"jnews_post_split":[],"footnotes":""},"categories":[21],"tags":[],"class_list":["post-13543","post","type-post","status-publish","format-standard","has-post-thumbnail","hentry","category-nacional"],"jetpack_featured_media_url":"https:\/\/laserenaradio.cl\/web\/wp-content\/uploads\/2025\/03\/homepiaiextractoscrapimg_predeterminadalaserenaradio_ultimo_minuto-7.webp","jetpack_sharing_enabled":true,"_links":{"self":[{"href":"https:\/\/laserenaradio.cl\/web\/wp-json\/wp\/v2\/posts\/13543","targetHints":{"allow":["GET"]}}],"collection":[{"href":"https:\/\/laserenaradio.cl\/web\/wp-json\/wp\/v2\/posts"}],"about":[{"href":"https:\/\/laserenaradio.cl\/web\/wp-json\/wp\/v2\/types\/post"}],"author":[{"embeddable":true,"href":"https:\/\/laserenaradio.cl\/web\/wp-json\/wp\/v2\/users\/2"}],"replies":[{"embeddable":true,"href":"https:\/\/laserenaradio.cl\/web\/wp-json\/wp\/v2\/comments?post=13543"}],"version-history":[{"count":1,"href":"https:\/\/laserenaradio.cl\/web\/wp-json\/wp\/v2\/posts\/13543\/revisions"}],"predecessor-version":[{"id":13544,"href":"https:\/\/laserenaradio.cl\/web\/wp-json\/wp\/v2\/posts\/13543\/revisions\/13544"}],"wp:featuredmedia":[{"embeddable":true,"href":"https:\/\/laserenaradio.cl\/web\/wp-json\/wp\/v2\/media\/13542"}],"wp:attachment":[{"href":"https:\/\/laserenaradio.cl\/web\/wp-json\/wp\/v2\/media?parent=13543"}],"wp:term":[{"taxonomy":"category","embeddable":true,"href":"https:\/\/laserenaradio.cl\/web\/wp-json\/wp\/v2\/categories?post=13543"},{"taxonomy":"post_tag","embeddable":true,"href":"https:\/\/laserenaradio.cl\/web\/wp-json\/wp\/v2\/tags?post=13543"}],"curies":[{"name":"wp","href":"https:\/\/api.w.org\/{rel}","templated":true}]}}