{"id":13540,"date":"2025-03-24T14:54:33","date_gmt":"2025-03-24T17:54:33","guid":{"rendered":"https:\/\/laserenaradio.cl\/web\/?p=13540"},"modified":"2025-03-24T14:54:33","modified_gmt":"2025-03-24T17:54:33","slug":"hinchas-de-colo-colo-en-el-foco-por-su-comportamiento","status":"publish","type":"post","link":"https:\/\/laserenaradio.cl\/web\/2025\/03\/24\/hinchas-de-colo-colo-en-el-foco-por-su-comportamiento\/","title":{"rendered":"Hinchas de Colo Colo, en el foco por su comportamiento"},"content":{"rendered":"<p><b>Colo Colo logr\u00f3 una importante victoria este domingo 1-0 sobre Uni\u00f3n San Felipe en la fase de grupos de Copa Chile, disputado en el estadio Nicol\u00e1s Chahu\u00e1n de La Calera<\/b><!--more-->.<\/p>\n<p>Sin embargo, no todos los hinchas albos pudieron disfrutar plenamente del partido debido a incidentes protagonizados por barristas del equipo rival.<\/p>\n<p>Seg\u00fan inform\u00f3 En La Ruca, un aficionado con movilidad reducida que acudi\u00f3 al estadio qued\u00f3 completamente obstruida su visi\u00f3n de la cancha por los sujetos que escalaron las rejas de la galer\u00eda visitante y permanecieron ah\u00ed durante todo el encuentro.<\/p>\n<p>&#8220;La idea de pagar una entrada para ver a Colo Colo es, fundamentalmente, asistir al partido y animar. Eso es lo que cualquier hincha espera&#8221;, acus\u00f3 el medio partidario.<\/p>\n<p>&#8220;La visi\u00f3n hacia la cancha para un hincha en silla de ruedas deber\u00eda ser prioritaria sobre cualquier otro motivo, especialmente cuando hay muchas familias y ni\u00f1os en esa secci\u00f3n&#8221;, agregaron.<\/p>\n<p>Esta situaci\u00f3n r\u00e1pidamente gan\u00f3 visibilidad en redes sociales, generando numerosos comentarios cr\u00edticos hacia los barristas del equipo.<\/p>\n<p>La temporada ha estado llena de incidentes similares que han afectado la tranquilidad y seguridad de los espectadores en general.<\/p>\n","protected":false},"excerpt":{"rendered":"<p>Colo Colo logr\u00f3 una importante victoria este domingo 1-0 sobre Uni\u00f3n San Felipe en la fase de grupos de Copa Chile, disputado en el estadio Nicol\u00e1s Chahu\u00e1n de La Calera<\/p>\n","protected":false},"author":2,"featured_media":13539,"comment_status":"closed","ping_status":"open","sticky":false,"template":"","format":"standard","meta":{"_jetpack_memberships_contains_paid_content":false,"jnews-multi-image_gallery":[],"jnews_single_post":[],"jnews_primary_category":[],"jnews_social_meta":[],"jnews_paywall_metabox":[],"jnews_review":[],"enable_review":"","type":"","name":"","summary":"","brand":"","sku":"","good":[],"bad":[],"score_override":"","override_value":"","rating":[],"price":[],"jnews_override_counter":[],"jnews_post_split":[],"footnotes":""},"categories":[84],"tags":[],"class_list":["post-13540","post","type-post","status-publish","format-standard","has-post-thumbnail","hentry","category-deportes"],"jetpack_featured_media_url":"https:\/\/laserenaradio.cl\/web\/wp-content\/uploads\/2025\/03\/homepiaiextractoscrapimg_webpHinchasColo_0.webp","jetpack_sharing_enabled":true,"_links":{"self":[{"href":"https:\/\/laserenaradio.cl\/web\/wp-json\/wp\/v2\/posts\/13540","targetHints":{"allow":["GET"]}}],"collection":[{"href":"https:\/\/laserenaradio.cl\/web\/wp-json\/wp\/v2\/posts"}],"about":[{"href":"https:\/\/laserenaradio.cl\/web\/wp-json\/wp\/v2\/types\/post"}],"author":[{"embeddable":true,"href":"https:\/\/laserenaradio.cl\/web\/wp-json\/wp\/v2\/users\/2"}],"replies":[{"embeddable":true,"href":"https:\/\/laserenaradio.cl\/web\/wp-json\/wp\/v2\/comments?post=13540"}],"version-history":[{"count":1,"href":"https:\/\/laserenaradio.cl\/web\/wp-json\/wp\/v2\/posts\/13540\/revisions"}],"predecessor-version":[{"id":13541,"href":"https:\/\/laserenaradio.cl\/web\/wp-json\/wp\/v2\/posts\/13540\/revisions\/13541"}],"wp:featuredmedia":[{"embeddable":true,"href":"https:\/\/laserenaradio.cl\/web\/wp-json\/wp\/v2\/media\/13539"}],"wp:attachment":[{"href":"https:\/\/laserenaradio.cl\/web\/wp-json\/wp\/v2\/media?parent=13540"}],"wp:term":[{"taxonomy":"category","embeddable":true,"href":"https:\/\/laserenaradio.cl\/web\/wp-json\/wp\/v2\/categories?post=13540"},{"taxonomy":"post_tag","embeddable":true,"href":"https:\/\/laserenaradio.cl\/web\/wp-json\/wp\/v2\/tags?post=13540"}],"curies":[{"name":"wp","href":"https:\/\/api.w.org\/{rel}","templated":true}]}}